{"id":27915,"date":"2025-02-18T12:24:19","date_gmt":"2025-02-18T12:24:19","guid":{"rendered":"https:\/\/www.gruber-logistics.com\/?p=27915"},"modified":"2025-02-18T12:25:22","modified_gmt":"2025-02-18T12:25:22","slug":"carolabruecke-dresden-gruber-logistics-eroeffnet-passage-mit-binnenschifftransport","status":"publish","type":"post","link":"https:\/\/www.gruber-logistics.com\/de\/carolabruecke-dresden-gruber-logistics-eroeffnet-passage-mit-binnenschifftransport\/","title":{"rendered":"Carolabr\u00fccke Dresden: Gruber Logistics er\u00f6ffnet Passage mit Binnenschifftransport"},"content":{"rendered":"<p>Die Elbe ist eine der wichtigsten Binnenwasserstra\u00dfen Deutschlands und spielt eine zentrale Rolle im Transportwesen. Nach dem Teileinsturz der Carolabr\u00fccke in Dresden Ende 2024 war die Strecke f\u00fcr den Schiffsverkehr gesperrt.<\/p>\n<p>Seit dem 3. Februar kann die Strecke wieder befahren werden, ab dem 18. Februar sogar ohne vorherige Genehmigung, wobei der Verkehr an der kritischen Stelle in Dresden zun\u00e4chst mit sogenanntem getaktetem Einbahnverkehr sowohl stromaufw\u00e4rts als auch stromabw\u00e4rts geregelt wird.<\/p>\n<p>Gruber Logistics hat einen wichtigen Meilenstein erreicht: Als erstes europ\u00e4isches Unternehmen organisierte es einen Transport zur Wiederer\u00f6ffnung des zuvor gesperrten Abschnitts dieser wichtigen Wasserstra\u00dfe.<\/p>\n<p>Ein beeindruckender Koppelverband aus G\u00fctermotorschiff und Schubleichter transportierte neben D\u00fcngemitteln einen 221 Tonnen schweren Kraftwerksgenerator. Dieser war auf dem Weg von der Tschechischen Republik nach Belgien und musste die Einsturzstelle der Br\u00fccke passieren.<\/p>\n<p><a href=\"https:\/\/www.gruber-logistics.com\/de\/project-cargo\/\">Weitere Information zu unseren Project Cargo Dienstleistungen finden Sie gier auf unserer Homepage.<\/a><\/p>\n<div id=\"attachment_27918\" style=\"width: 1034px\" class=\"wp-caption alignnone\"><img loading=\"lazy\" decoding=\"async\" aria-describedby=\"caption-attachment-27918\" class=\"wp-image-27918 size-large\" src=\"https:\/\/www.gruber-logistics.com\/wp-content\/uploads\/2025\/02\/image1-1024x576.jpg\" alt=\"\" width=\"1024\" height=\"576\" srcset=\"https:\/\/www.gruber-logistics.com\/wp-content\/uploads\/2025\/02\/image1-1024x576.jpg 1024w, https:\/\/www.gruber-logistics.com\/wp-content\/uploads\/2025\/02\/image1-300x169.jpg 300w, https:\/\/www.gruber-logistics.com\/wp-content\/uploads\/2025\/02\/image1-768x432.jpg 768w, https:\/\/www.gruber-logistics.com\/wp-content\/uploads\/2025\/02\/image1-1536x864.jpg 1536w, https:\/\/www.gruber-logistics.com\/wp-content\/uploads\/2025\/02\/image1-2048x1152.jpg 2048w\" sizes=\"auto, (max-width: 1024px) 100vw, 1024px\" \/><p id=\"caption-attachment-27918\" class=\"wp-caption-text\">Der Koppelverband mit dem G\u00fctermotorschiff \u201eDick\u201c und dem Schubleichter \u201eDick 1\u201c passiert die im September 2024 eingest\u00fcrzte Carolabr\u00fccke.<\/p><\/div>\n<p>&nbsp;<\/p>\n<div id=\"attachment_27936\" style=\"width: 1034px\" class=\"wp-caption alignnone\"><img loading=\"lazy\" decoding=\"async\" aria-describedby=\"caption-attachment-27936\" class=\"wp-image-27936 size-large\" src=\"https:\/\/www.gruber-logistics.com\/wp-content\/uploads\/2025\/02\/Carolabruecke-blog-1024x688.jpg\" alt=\"\" width=\"1024\" height=\"688\" srcset=\"https:\/\/www.gruber-logistics.com\/wp-content\/uploads\/2025\/02\/Carolabruecke-blog-1024x688.jpg 1024w, https:\/\/www.gruber-logistics.com\/wp-content\/uploads\/2025\/02\/Carolabruecke-blog-300x201.jpg 300w, https:\/\/www.gruber-logistics.com\/wp-content\/uploads\/2025\/02\/Carolabruecke-blog-768x516.jpg 768w, https:\/\/www.gruber-logistics.com\/wp-content\/uploads\/2025\/02\/Carolabruecke-blog-900x604.jpg 900w, https:\/\/www.gruber-logistics.com\/wp-content\/uploads\/2025\/02\/Carolabruecke-blog-600x403.jpg 600w, https:\/\/www.gruber-logistics.com\/wp-content\/uploads\/2025\/02\/Carolabruecke-blog-400x269.jpg 400w, https:\/\/www.gruber-logistics.com\/wp-content\/uploads\/2025\/02\/Carolabruecke-blog.jpg 1400w\" sizes=\"auto, (max-width: 1024px) 100vw, 1024px\" \/><p id=\"caption-attachment-27936\" class=\"wp-caption-text\">Die Elbe, hier im Dresdner Stadtgebiet, z\u00e4hlt zu den wichtigsten Binnenwasserstra\u00dfen in Ostdeutschland.<\/p><\/div>\n","protected":false},"excerpt":{"rendered":"<p>Die Elbe ist eine der wichtigsten Binnenwasserstra\u00dfen Deutschlands und spielt eine zentrale Rolle im Transportwesen. Nach dem Teileinsturz der Carolabr\u00fccke in Dresden Ende 2024 war&#8230;<\/p>\n","protected":false},"author":20,"featured_media":27936,"comment_status":"closed","ping_status":"closed","sticky":false,"template":"","format":"standard","meta":{"footnotes":""},"categories":[269],"tags":[],"class_list":{"0":"post-27915","1":"post","2":"type-post","3":"status-publish","4":"format-standard","5":"has-post-thumbnail","7":"category-news-de"},"yoast_head":"<!-- This site is optimized with the Yoast SEO plugin v24.6 - https:\/\/yoast.com\/wordpress\/plugins\/seo\/ -->\n<title>Carolabr\u00fccke Dresden: Gruber Logistics er\u00f6ffnet Passage mit Binnenschifftransport - GRUBER Logistics S.p.A.<\/title>\n<meta name=\"description\" content=\"Carolabr\u00fccke Dresden: Gruber Logistics er\u00f6ffnet Passage mit Binnenschifftransport - GRUBER Logistics S.p.A.\" \/>\n<meta name=\"robots\" content=\"index, follow, max-snippet:-1, max-image-preview:large, max-video-preview:-1\" \/>\n<link rel=\"canonical\" href=\"https:\/\/www.gruber-logistics.com\/de\/carolabruecke-dresden-gruber-logistics-eroeffnet-passage-mit-binnenschifftransport\/\" \/>\n<meta property=\"og:locale\" content=\"de_DE\" \/>\n<meta property=\"og:type\" content=\"article\" \/>\n<meta property=\"og:title\" content=\"Carolabr\u00fccke Dresden: Gruber Logistics er\u00f6ffnet Passage mit Binnenschifftransport - GRUBER Logistics S.p.A.\" \/>\n<meta property=\"og:description\" content=\"Carolabr\u00fccke Dresden: Gruber Logistics er\u00f6ffnet Passage mit Binnenschifftransport - GRUBER Logistics S.p.A.\" \/>\n<meta property=\"og:url\" content=\"https:\/\/www.gruber-logistics.com\/de\/carolabruecke-dresden-gruber-logistics-eroeffnet-passage-mit-binnenschifftransport\/\" \/>\n<meta property=\"og:site_name\" content=\"GRUBER Logistics S.p.A.\" \/>\n<meta property=\"article:publisher\" content=\"https:\/\/it-it.facebook.com\/gruberlogistics\/\" \/>\n<meta property=\"article:published_time\" content=\"2025-02-18T12:24:19+00:00\" \/>\n<meta property=\"article:modified_time\" content=\"2025-02-18T12:25:22+00:00\" \/>\n<meta property=\"og:image\" content=\"https:\/\/www.gruber-logistics.com\/wp-content\/uploads\/2025\/02\/Carolabruecke-blog.jpg\" \/>\n\t<meta property=\"og:image:width\" content=\"1400\" \/>\n\t<meta property=\"og:image:height\" content=\"940\" \/>\n\t<meta property=\"og:image:type\" content=\"image\/jpeg\" \/>\n<meta name=\"author\" content=\"GRUBER Logistics\" \/>\n<meta name=\"twitter:card\" content=\"summary_large_image\" \/>\n<meta name=\"twitter:creator\" content=\"@GruberLogistics\" \/>\n<meta name=\"twitter:site\" content=\"@GruberLogistics\" \/>\n<meta name=\"twitter:label1\" content=\"Verfasst von\" \/>\n\t<meta name=\"twitter:data1\" content=\"GRUBER Logistics\" \/>\n\t<meta name=\"twitter:label2\" content=\"Gesch\u00e4tzte Lesezeit\" \/>\n\t<meta name=\"twitter:data2\" content=\"2\u00a0Minuten\" \/>\n<script type=\"application\/ld+json\" class=\"yoast-schema-graph\">{\"@context\":\"https:\/\/schema.org\",\"@graph\":[{\"@type\":\"Article\",\"@id\":\"https:\/\/www.gruber-logistics.com\/de\/carolabruecke-dresden-gruber-logistics-eroeffnet-passage-mit-binnenschifftransport\/#article\",\"isPartOf\":{\"@id\":\"https:\/\/www.gruber-logistics.com\/de\/carolabruecke-dresden-gruber-logistics-eroeffnet-passage-mit-binnenschifftransport\/\"},\"author\":{\"name\":\"GRUBER Logistics\",\"@id\":\"https:\/\/www.gruber-logistics.com\/de\/#\/schema\/person\/4e9ceb4fde2258e3923fde9749a69ff8\"},\"headline\":\"Carolabr\u00fccke Dresden: Gruber Logistics er\u00f6ffnet Passage mit Binnenschifftransport\",\"datePublished\":\"2025-02-18T12:24:19+00:00\",\"dateModified\":\"2025-02-18T12:25:22+00:00\",\"mainEntityOfPage\":{\"@id\":\"https:\/\/www.gruber-logistics.com\/de\/carolabruecke-dresden-gruber-logistics-eroeffnet-passage-mit-binnenschifftransport\/\"},\"wordCount\":207,\"publisher\":{\"@id\":\"https:\/\/www.gruber-logistics.com\/de\/#organization\"},\"image\":{\"@id\":\"https:\/\/www.gruber-logistics.com\/de\/carolabruecke-dresden-gruber-logistics-eroeffnet-passage-mit-binnenschifftransport\/#primaryimage\"},\"thumbnailUrl\":\"https:\/\/www.gruber-logistics.com\/wp-content\/uploads\/2025\/02\/Carolabruecke-blog.jpg\",\"articleSection\":[\"News DE\"],\"inLanguage\":\"de\"},{\"@type\":\"WebPage\",\"@id\":\"https:\/\/www.gruber-logistics.com\/de\/carolabruecke-dresden-gruber-logistics-eroeffnet-passage-mit-binnenschifftransport\/\",\"url\":\"https:\/\/www.gruber-logistics.com\/de\/carolabruecke-dresden-gruber-logistics-eroeffnet-passage-mit-binnenschifftransport\/\",\"name\":\"Carolabr\u00fccke Dresden: Gruber Logistics er\u00f6ffnet Passage mit Binnenschifftransport - GRUBER Logistics S.p.A.\",\"isPartOf\":{\"@id\":\"https:\/\/www.gruber-logistics.com\/de\/#website\"},\"primaryImageOfPage\":{\"@id\":\"https:\/\/www.gruber-logistics.com\/de\/carolabruecke-dresden-gruber-logistics-eroeffnet-passage-mit-binnenschifftransport\/#primaryimage\"},\"image\":{\"@id\":\"https:\/\/www.gruber-logistics.com\/de\/carolabruecke-dresden-gruber-logistics-eroeffnet-passage-mit-binnenschifftransport\/#primaryimage\"},\"thumbnailUrl\":\"https:\/\/www.gruber-logistics.com\/wp-content\/uploads\/2025\/02\/Carolabruecke-blog.jpg\",\"datePublished\":\"2025-02-18T12:24:19+00:00\",\"dateModified\":\"2025-02-18T12:25:22+00:00\",\"description\":\"Carolabr\u00fccke Dresden: Gruber Logistics er\u00f6ffnet Passage mit Binnenschifftransport - GRUBER Logistics S.p.A.\",\"breadcrumb\":{\"@id\":\"https:\/\/www.gruber-logistics.com\/de\/carolabruecke-dresden-gruber-logistics-eroeffnet-passage-mit-binnenschifftransport\/#breadcrumb\"},\"inLanguage\":\"de\",\"potentialAction\":[{\"@type\":\"ReadAction\",\"target\":[\"https:\/\/www.gruber-logistics.com\/de\/carolabruecke-dresden-gruber-logistics-eroeffnet-passage-mit-binnenschifftransport\/\"]}]},{\"@type\":\"ImageObject\",\"inLanguage\":\"de\",\"@id\":\"https:\/\/www.gruber-logistics.com\/de\/carolabruecke-dresden-gruber-logistics-eroeffnet-passage-mit-binnenschifftransport\/#primaryimage\",\"url\":\"https:\/\/www.gruber-logistics.com\/wp-content\/uploads\/2025\/02\/Carolabruecke-blog.jpg\",\"contentUrl\":\"https:\/\/www.gruber-logistics.com\/wp-content\/uploads\/2025\/02\/Carolabruecke-blog.jpg\",\"width\":1400,\"height\":940},{\"@type\":\"BreadcrumbList\",\"@id\":\"https:\/\/www.gruber-logistics.com\/de\/carolabruecke-dresden-gruber-logistics-eroeffnet-passage-mit-binnenschifftransport\/#breadcrumb\",\"itemListElement\":[{\"@type\":\"ListItem\",\"position\":1,\"name\":\"Home\",\"item\":\"https:\/\/www.gruber-logistics.com\/de\/\"},{\"@type\":\"ListItem\",\"position\":2,\"name\":\"Carolabr\u00fccke Dresden: Gruber Logistics er\u00f6ffnet Passage mit Binnenschifftransport\"}]},{\"@type\":\"WebSite\",\"@id\":\"https:\/\/www.gruber-logistics.com\/de\/#website\",\"url\":\"https:\/\/www.gruber-logistics.com\/de\/\",\"name\":\"GRUBER Logistics S.p.A.\",\"description\":\"Transportunternehmen\",\"publisher\":{\"@id\":\"https:\/\/www.gruber-logistics.com\/de\/#organization\"},\"potentialAction\":[{\"@type\":\"SearchAction\",\"target\":{\"@type\":\"EntryPoint\",\"urlTemplate\":\"https:\/\/www.gruber-logistics.com\/de\/?s={search_term_string}\"},\"query-input\":{\"@type\":\"PropertyValueSpecification\",\"valueRequired\":true,\"valueName\":\"search_term_string\"}}],\"inLanguage\":\"de\"},{\"@type\":\"Organization\",\"@id\":\"https:\/\/www.gruber-logistics.com\/de\/#organization\",\"name\":\"GRUBER Logistics S.p.A.\",\"url\":\"https:\/\/www.gruber-logistics.com\/de\/\",\"logo\":{\"@type\":\"ImageObject\",\"inLanguage\":\"de\",\"@id\":\"https:\/\/www.gruber-logistics.com\/de\/#\/schema\/logo\/image\/\",\"url\":\"https:\/\/www.gruber-logistics.com\/wp-content\/uploads\/2018\/11\/Gruber-logistics-logo-color.png\",\"contentUrl\":\"https:\/\/www.gruber-logistics.com\/wp-content\/uploads\/2018\/11\/Gruber-logistics-logo-color.png\",\"width\":324,\"height\":100,\"caption\":\"GRUBER Logistics S.p.A.\"},\"image\":{\"@id\":\"https:\/\/www.gruber-logistics.com\/de\/#\/schema\/logo\/image\/\"},\"sameAs\":[\"https:\/\/it-it.facebook.com\/gruberlogistics\/\",\"https:\/\/x.com\/GruberLogistics\",\"https:\/\/www.instagram.com\/gruberlogistics\/\",\"https:\/\/it.linkedin.com\/company\/gruber-logistics\",\"https:\/\/www.youtube.com\/channel\/UCdq3OH0UblNUnUETLsSxLog\"]},{\"@type\":\"Person\",\"@id\":\"https:\/\/www.gruber-logistics.com\/de\/#\/schema\/person\/4e9ceb4fde2258e3923fde9749a69ff8\",\"name\":\"GRUBER Logistics\",\"image\":{\"@type\":\"ImageObject\",\"inLanguage\":\"de\",\"@id\":\"https:\/\/www.gruber-logistics.com\/de\/#\/schema\/person\/image\/\",\"url\":\"https:\/\/secure.gravatar.com\/avatar\/3000cf3662ac8474a82f293beb1cbaa2?s=96&d=mm&r=g\",\"contentUrl\":\"https:\/\/secure.gravatar.com\/avatar\/3000cf3662ac8474a82f293beb1cbaa2?s=96&d=mm&r=g\",\"caption\":\"GRUBER Logistics\"}}]}<\/script>\n<!-- \/ Yoast SEO plugin. -->","yoast_head_json":{"title":"Carolabr\u00fccke Dresden: Gruber Logistics er\u00f6ffnet Passage mit Binnenschifftransport - GRUBER Logistics S.p.A.","description":"Carolabr\u00fccke Dresden: Gruber Logistics er\u00f6ffnet Passage mit Binnenschifftransport - GRUBER Logistics S.p.A.","robots":{"index":"index","follow":"follow","max-snippet":"max-snippet:-1","max-image-preview":"max-image-preview:large","max-video-preview":"max-video-preview:-1"},"canonical":"https:\/\/www.gruber-logistics.com\/de\/carolabruecke-dresden-gruber-logistics-eroeffnet-passage-mit-binnenschifftransport\/","og_locale":"de_DE","og_type":"article","og_title":"Carolabr\u00fccke Dresden: Gruber Logistics er\u00f6ffnet Passage mit Binnenschifftransport - GRUBER Logistics S.p.A.","og_description":"Carolabr\u00fccke Dresden: Gruber Logistics er\u00f6ffnet Passage mit Binnenschifftransport - GRUBER Logistics S.p.A.","og_url":"https:\/\/www.gruber-logistics.com\/de\/carolabruecke-dresden-gruber-logistics-eroeffnet-passage-mit-binnenschifftransport\/","og_site_name":"GRUBER Logistics S.p.A.","article_publisher":"https:\/\/it-it.facebook.com\/gruberlogistics\/","article_published_time":"2025-02-18T12:24:19+00:00","article_modified_time":"2025-02-18T12:25:22+00:00","og_image":[{"width":1400,"height":940,"url":"https:\/\/www.gruber-logistics.com\/wp-content\/uploads\/2025\/02\/Carolabruecke-blog.jpg","type":"image\/jpeg"}],"author":"GRUBER Logistics","twitter_card":"summary_large_image","twitter_creator":"@GruberLogistics","twitter_site":"@GruberLogistics","twitter_misc":{"Verfasst von":"GRUBER Logistics","Gesch\u00e4tzte Lesezeit":"2\u00a0Minuten"},"schema":{"@context":"https:\/\/schema.org","@graph":[{"@type":"Article","@id":"https:\/\/www.gruber-logistics.com\/de\/carolabruecke-dresden-gruber-logistics-eroeffnet-passage-mit-binnenschifftransport\/#article","isPartOf":{"@id":"https:\/\/www.gruber-logistics.com\/de\/carolabruecke-dresden-gruber-logistics-eroeffnet-passage-mit-binnenschifftransport\/"},"author":{"name":"GRUBER Logistics","@id":"https:\/\/www.gruber-logistics.com\/de\/#\/schema\/person\/4e9ceb4fde2258e3923fde9749a69ff8"},"headline":"Carolabr\u00fccke Dresden: Gruber Logistics er\u00f6ffnet Passage mit Binnenschifftransport","datePublished":"2025-02-18T12:24:19+00:00","dateModified":"2025-02-18T12:25:22+00:00","mainEntityOfPage":{"@id":"https:\/\/www.gruber-logistics.com\/de\/carolabruecke-dresden-gruber-logistics-eroeffnet-passage-mit-binnenschifftransport\/"},"wordCount":207,"publisher":{"@id":"https:\/\/www.gruber-logistics.com\/de\/#organization"},"image":{"@id":"https:\/\/www.gruber-logistics.com\/de\/carolabruecke-dresden-gruber-logistics-eroeffnet-passage-mit-binnenschifftransport\/#primaryimage"},"thumbnailUrl":"https:\/\/www.gruber-logistics.com\/wp-content\/uploads\/2025\/02\/Carolabruecke-blog.jpg","articleSection":["News DE"],"inLanguage":"de"},{"@type":"WebPage","@id":"https:\/\/www.gruber-logistics.com\/de\/carolabruecke-dresden-gruber-logistics-eroeffnet-passage-mit-binnenschifftransport\/","url":"https:\/\/www.gruber-logistics.com\/de\/carolabruecke-dresden-gruber-logistics-eroeffnet-passage-mit-binnenschifftransport\/","name":"Carolabr\u00fccke Dresden: Gruber Logistics er\u00f6ffnet Passage mit Binnenschifftransport - GRUBER Logistics S.p.A.","isPartOf":{"@id":"https:\/\/www.gruber-logistics.com\/de\/#website"},"primaryImageOfPage":{"@id":"https:\/\/www.gruber-logistics.com\/de\/carolabruecke-dresden-gruber-logistics-eroeffnet-passage-mit-binnenschifftransport\/#primaryimage"},"image":{"@id":"https:\/\/www.gruber-logistics.com\/de\/carolabruecke-dresden-gruber-logistics-eroeffnet-passage-mit-binnenschifftransport\/#primaryimage"},"thumbnailUrl":"https:\/\/www.gruber-logistics.com\/wp-content\/uploads\/2025\/02\/Carolabruecke-blog.jpg","datePublished":"2025-02-18T12:24:19+00:00","dateModified":"2025-02-18T12:25:22+00:00","description":"Carolabr\u00fccke Dresden: Gruber Logistics er\u00f6ffnet Passage mit Binnenschifftransport - GRUBER Logistics S.p.A.","breadcrumb":{"@id":"https:\/\/www.gruber-logistics.com\/de\/carolabruecke-dresden-gruber-logistics-eroeffnet-passage-mit-binnenschifftransport\/#breadcrumb"},"inLanguage":"de","potentialAction":[{"@type":"ReadAction","target":["https:\/\/www.gruber-logistics.com\/de\/carolabruecke-dresden-gruber-logistics-eroeffnet-passage-mit-binnenschifftransport\/"]}]},{"@type":"ImageObject","inLanguage":"de","@id":"https:\/\/www.gruber-logistics.com\/de\/carolabruecke-dresden-gruber-logistics-eroeffnet-passage-mit-binnenschifftransport\/#primaryimage","url":"https:\/\/www.gruber-logistics.com\/wp-content\/uploads\/2025\/02\/Carolabruecke-blog.jpg","contentUrl":"https:\/\/www.gruber-logistics.com\/wp-content\/uploads\/2025\/02\/Carolabruecke-blog.jpg","width":1400,"height":940},{"@type":"BreadcrumbList","@id":"https:\/\/www.gruber-logistics.com\/de\/carolabruecke-dresden-gruber-logistics-eroeffnet-passage-mit-binnenschifftransport\/#breadcrumb","itemListElement":[{"@type":"ListItem","position":1,"name":"Home","item":"https:\/\/www.gruber-logistics.com\/de\/"},{"@type":"ListItem","position":2,"name":"Carolabr\u00fccke Dresden: Gruber Logistics er\u00f6ffnet Passage mit Binnenschifftransport"}]},{"@type":"WebSite","@id":"https:\/\/www.gruber-logistics.com\/de\/#website","url":"https:\/\/www.gruber-logistics.com\/de\/","name":"GRUBER Logistics S.p.A.","description":"Transportunternehmen","publisher":{"@id":"https:\/\/www.gruber-logistics.com\/de\/#organization"},"potentialAction":[{"@type":"SearchAction","target":{"@type":"EntryPoint","urlTemplate":"https:\/\/www.gruber-logistics.com\/de\/?s={search_term_string}"},"query-input":{"@type":"PropertyValueSpecification","valueRequired":true,"valueName":"search_term_string"}}],"inLanguage":"de"},{"@type":"Organization","@id":"https:\/\/www.gruber-logistics.com\/de\/#organization","name":"GRUBER Logistics S.p.A.","url":"https:\/\/www.gruber-logistics.com\/de\/","logo":{"@type":"ImageObject","inLanguage":"de","@id":"https:\/\/www.gruber-logistics.com\/de\/#\/schema\/logo\/image\/","url":"https:\/\/www.gruber-logistics.com\/wp-content\/uploads\/2018\/11\/Gruber-logistics-logo-color.png","contentUrl":"https:\/\/www.gruber-logistics.com\/wp-content\/uploads\/2018\/11\/Gruber-logistics-logo-color.png","width":324,"height":100,"caption":"GRUBER Logistics S.p.A."},"image":{"@id":"https:\/\/www.gruber-logistics.com\/de\/#\/schema\/logo\/image\/"},"sameAs":["https:\/\/it-it.facebook.com\/gruberlogistics\/","https:\/\/x.com\/GruberLogistics","https:\/\/www.instagram.com\/gruberlogistics\/","https:\/\/it.linkedin.com\/company\/gruber-logistics","https:\/\/www.youtube.com\/channel\/UCdq3OH0UblNUnUETLsSxLog"]},{"@type":"Person","@id":"https:\/\/www.gruber-logistics.com\/de\/#\/schema\/person\/4e9ceb4fde2258e3923fde9749a69ff8","name":"GRUBER Logistics","image":{"@type":"ImageObject","inLanguage":"de","@id":"https:\/\/www.gruber-logistics.com\/de\/#\/schema\/person\/image\/","url":"https:\/\/secure.gravatar.com\/avatar\/3000cf3662ac8474a82f293beb1cbaa2?s=96&d=mm&r=g","contentUrl":"https:\/\/secure.gravatar.com\/avatar\/3000cf3662ac8474a82f293beb1cbaa2?s=96&d=mm&r=g","caption":"GRUBER Logistics"}}]}},"_links":{"self":[{"href":"https:\/\/www.gruber-logistics.com\/de\/wp-json\/wp\/v2\/posts\/27915","targetHints":{"allow":["GET"]}}],"collection":[{"href":"https:\/\/www.gruber-logistics.com\/de\/wp-json\/wp\/v2\/posts"}],"about":[{"href":"https:\/\/www.gruber-logistics.com\/de\/wp-json\/wp\/v2\/types\/post"}],"author":[{"embeddable":true,"href":"https:\/\/www.gruber-logistics.com\/de\/wp-json\/wp\/v2\/users\/20"}],"replies":[{"embeddable":true,"href":"https:\/\/www.gruber-logistics.com\/de\/wp-json\/wp\/v2\/comments?post=27915"}],"version-history":[{"count":9,"href":"https:\/\/www.gruber-logistics.com\/de\/wp-json\/wp\/v2\/posts\/27915\/revisions"}],"predecessor-version":[{"id":27965,"href":"https:\/\/www.gruber-logistics.com\/de\/wp-json\/wp\/v2\/posts\/27915\/revisions\/27965"}],"wp:featuredmedia":[{"embeddable":true,"href":"https:\/\/www.gruber-logistics.com\/de\/wp-json\/wp\/v2\/media\/27936"}],"wp:attachment":[{"href":"https:\/\/www.gruber-logistics.com\/de\/wp-json\/wp\/v2\/media?parent=27915"}],"wp:term":[{"taxonomy":"category","embeddable":true,"href":"https:\/\/www.gruber-logistics.com\/de\/wp-json\/wp\/v2\/categories?post=27915"},{"taxonomy":"post_tag","embeddable":true,"href":"https:\/\/www.gruber-logistics.com\/de\/wp-json\/wp\/v2\/tags?post=27915"}],"curies":[{"name":"wp","href":"https:\/\/api.w.org\/{rel}","templated":true}]}}