{"id":28609,"date":"2025-04-08T06:18:15","date_gmt":"2025-04-08T06:18:15","guid":{"rendered":"https:\/\/www.gruber-logistics.com\/?p=28609"},"modified":"2025-05-09T09:22:26","modified_gmt":"2025-05-09T09:22:26","slug":"gruber-logistics-investiert-weiter-in-elektromobilitaet","status":"publish","type":"post","link":"https:\/\/www.gruber-logistics.com\/de\/gruber-logistics-investiert-weiter-in-elektromobilitaet\/","title":{"rendered":"Gruber Logistics investiert weiter in Elektromobilit\u00e4t"},"content":{"rendered":"<p>Das traditionsreiche Logistikunternehmen Gruber Logistics erneuert seine Flottenstruktur sukzessive mit ressourcenschonenden Lkw-Antriebstypen. Seit vergangenem Monat setzt die Niederlassung Staufenberg nahe Gie\u00dfen einen leistungsstarken E-Lkw von Scania f\u00fcr ihre Transportauftr\u00e4ge ein. Das mit 612 Pferdest\u00e4rken angetriebene und \u00fcber eine Batterieladadekapazit\u00e4t von knapp 470 Kilowattstunden verf\u00fcgende Modell R 450E A4x2NB f\u00e4hrt f\u00fcr einen Gro\u00dfkunden in Hessen. Am Standort Staufenberg wurden f\u00fcr diese Neuanschaffung, aber auch k\u00fcnftige E-Lkw sowie in- und externe Besuchertrucks eine Ladeinfrastruktur f\u00fcr Elektrofahrzeuge geschaffen.<\/p>\n<p>\u201eDer E-Truck, der uns vom Scania-H\u00e4ndler in Haiger Anfang M\u00e4rz \u00fcberlassen wurde, f\u00fcgt sich bestens in unsere Flottenstrategie zur Senkung von CO2-Emissionen ein\u201c, ordnet Michael Blaas, Fleet Innovation Specialist bei Gruber Logistics, den Neuzugang in Staufenberg ein. \u201eWir folgen hier der gro\u00dfen Dynamik, die sich im Zuge der Dekarbonisierungsbestrebungen in der Logistik im Allgemeinen und in unserem Haus im Speziellen in den vergangenen Jahren entfaltet haben. Dank einer Multimarkenlogik, die neben der Partnerschaft mit Scania auch Kooperationen mit Daimler und Volvo beinhaltet, optimieren wir den Einsatz von Elektromobilit\u00e4t bei Gruber Logistics kontinuierlich.\u201c<\/p>\n\n\t\t<style type=\"text\/css\">\n\t\t\t#gallery-1 {\n\t\t\t\tmargin: auto;\n\t\t\t}\n\t\t\t#gallery-1 .gallery-item {\n\t\t\t\tfloat: left;\n\t\t\t\tmargin-top: 10px;\n\t\t\t\ttext-align: center;\n\t\t\t\twidth: 33%;\n\t\t\t}\n\t\t\t#gallery-1 img {\n\t\t\t\tborder: 2px solid #cfcfcf;\n\t\t\t}\n\t\t\t#gallery-1 .gallery-caption {\n\t\t\t\tmargin-left: 0;\n\t\t\t}\n\t\t\t\/* see gallery_shortcode() in wp-includes\/media.php *\/\n\t\t<\/style>\n\t\t<div id='gallery-1' class='gallery galleryid-28609 gallery-columns-3 gallery-size-medium'><dl class='gallery-item'>\n\t\t\t<dt class='gallery-icon landscape'>\n\t\t\t\t<a href='https:\/\/www.gruber-logistics.com\/de\/gruber-logistics-investiert-weiter-in-elektromobilitaet\/e_truck_scania_staufenberg-12-min-2\/'><img loading=\"lazy\" decoding=\"async\" width=\"300\" height=\"169\" src=\"https:\/\/www.gruber-logistics.com\/wp-content\/uploads\/2025\/04\/E_Truck_Scania_Staufenberg-12-min-300x169.jpg\" class=\"attachment-medium size-medium\" alt=\"camion elettrici\" srcset=\"https:\/\/www.gruber-logistics.com\/wp-content\/uploads\/2025\/04\/E_Truck_Scania_Staufenberg-12-min-300x169.jpg 300w, https:\/\/www.gruber-logistics.com\/wp-content\/uploads\/2025\/04\/E_Truck_Scania_Staufenberg-12-min-1024x576.jpg 1024w, https:\/\/www.gruber-logistics.com\/wp-content\/uploads\/2025\/04\/E_Truck_Scania_Staufenberg-12-min-768x432.jpg 768w, https:\/\/www.gruber-logistics.com\/wp-content\/uploads\/2025\/04\/E_Truck_Scania_Staufenberg-12-min-1536x864.jpg 1536w, https:\/\/www.gruber-logistics.com\/wp-content\/uploads\/2025\/04\/E_Truck_Scania_Staufenberg-12-min-2048x1152.jpg 2048w\" sizes=\"auto, (max-width: 300px) 100vw, 300px\" \/><\/a>\n\t\t\t<\/dt><\/dl><dl class='gallery-item'>\n\t\t\t<dt class='gallery-icon landscape'>\n\t\t\t\t<a href='https:\/\/www.gruber-logistics.com\/de\/gruber-logistics-investiert-weiter-in-elektromobilitaet\/e_truck_scania_staufenberg-29-min-2\/'><img loading=\"lazy\" decoding=\"async\" width=\"300\" height=\"182\" src=\"https:\/\/www.gruber-logistics.com\/wp-content\/uploads\/2025\/04\/E_Truck_Scania_Staufenberg-29-min-300x182.jpg\" class=\"attachment-medium size-medium\" alt=\"elettromobilit\u00e0\" srcset=\"https:\/\/www.gruber-logistics.com\/wp-content\/uploads\/2025\/04\/E_Truck_Scania_Staufenberg-29-min-300x182.jpg 300w, https:\/\/www.gruber-logistics.com\/wp-content\/uploads\/2025\/04\/E_Truck_Scania_Staufenberg-29-min-1024x621.jpg 1024w, https:\/\/www.gruber-logistics.com\/wp-content\/uploads\/2025\/04\/E_Truck_Scania_Staufenberg-29-min-768x466.jpg 768w, https:\/\/www.gruber-logistics.com\/wp-content\/uploads\/2025\/04\/E_Truck_Scania_Staufenberg-29-min-1536x931.jpg 1536w, https:\/\/www.gruber-logistics.com\/wp-content\/uploads\/2025\/04\/E_Truck_Scania_Staufenberg-29-min-2048x1242.jpg 2048w\" sizes=\"auto, (max-width: 300px) 100vw, 300px\" \/><\/a>\n\t\t\t<\/dt><\/dl><dl class='gallery-item'>\n\t\t\t<dt class='gallery-icon landscape'>\n\t\t\t\t<a href='https:\/\/www.gruber-logistics.com\/de\/gruber-logistics-investiert-weiter-in-elektromobilitaet\/e_truck_scania_staufenberg-31-min-2\/'><img loading=\"lazy\" decoding=\"async\" width=\"300\" height=\"300\" src=\"https:\/\/www.gruber-logistics.com\/wp-content\/uploads\/2025\/04\/E_Truck_Scania_Staufenberg-31-min-300x300.jpg\" class=\"attachment-medium size-medium\" alt=\"camion elettrico\" srcset=\"https:\/\/www.gruber-logistics.com\/wp-content\/uploads\/2025\/04\/E_Truck_Scania_Staufenberg-31-min-300x300.jpg 300w, https:\/\/www.gruber-logistics.com\/wp-content\/uploads\/2025\/04\/E_Truck_Scania_Staufenberg-31-min-1024x1024.jpg 1024w, https:\/\/www.gruber-logistics.com\/wp-content\/uploads\/2025\/04\/E_Truck_Scania_Staufenberg-31-min-150x150.jpg 150w, https:\/\/www.gruber-logistics.com\/wp-content\/uploads\/2025\/04\/E_Truck_Scania_Staufenberg-31-min-768x768.jpg 768w, https:\/\/www.gruber-logistics.com\/wp-content\/uploads\/2025\/04\/E_Truck_Scania_Staufenberg-31-min-1536x1536.jpg 1536w, https:\/\/www.gruber-logistics.com\/wp-content\/uploads\/2025\/04\/E_Truck_Scania_Staufenberg-31-min-2048x2048.jpg 2048w, https:\/\/www.gruber-logistics.com\/wp-content\/uploads\/2025\/04\/E_Truck_Scania_Staufenberg-31-min-100x100.jpg 100w, https:\/\/www.gruber-logistics.com\/wp-content\/uploads\/2025\/04\/E_Truck_Scania_Staufenberg-31-min-140x140.jpg 140w, https:\/\/www.gruber-logistics.com\/wp-content\/uploads\/2025\/04\/E_Truck_Scania_Staufenberg-31-min-500x500.jpg 500w, https:\/\/www.gruber-logistics.com\/wp-content\/uploads\/2025\/04\/E_Truck_Scania_Staufenberg-31-min-350x350.jpg 350w, https:\/\/www.gruber-logistics.com\/wp-content\/uploads\/2025\/04\/E_Truck_Scania_Staufenberg-31-min-1000x1000.jpg 1000w, https:\/\/www.gruber-logistics.com\/wp-content\/uploads\/2025\/04\/E_Truck_Scania_Staufenberg-31-min-800x800.jpg 800w\" sizes=\"auto, (max-width: 300px) 100vw, 300px\" \/><\/a>\n\t\t\t<\/dt><\/dl><br style=\"clear: both\" \/><dl class='gallery-item'>\n\t\t\t<dt class='gallery-icon landscape'>\n\t\t\t\t<a href='https:\/\/www.gruber-logistics.com\/de\/gruber-logistics-investiert-weiter-in-elektromobilitaet\/e_truck_scania_staufenberg-25-min\/'><img loading=\"lazy\" decoding=\"async\" width=\"300\" height=\"200\" src=\"https:\/\/www.gruber-logistics.com\/wp-content\/uploads\/2025\/04\/E_Truck_Scania_Staufenberg-25-min-300x200.jpg\" class=\"attachment-medium size-medium\" alt=\"\" srcset=\"https:\/\/www.gruber-logistics.com\/wp-content\/uploads\/2025\/04\/E_Truck_Scania_Staufenberg-25-min-300x200.jpg 300w, https:\/\/www.gruber-logistics.com\/wp-content\/uploads\/2025\/04\/E_Truck_Scania_Staufenberg-25-min-1024x683.jpg 1024w, https:\/\/www.gruber-logistics.com\/wp-content\/uploads\/2025\/04\/E_Truck_Scania_Staufenberg-25-min-768x512.jpg 768w, https:\/\/www.gruber-logistics.com\/wp-content\/uploads\/2025\/04\/E_Truck_Scania_Staufenberg-25-min-1536x1024.jpg 1536w, https:\/\/www.gruber-logistics.com\/wp-content\/uploads\/2025\/04\/E_Truck_Scania_Staufenberg-25-min-2048x1365.jpg 2048w, https:\/\/www.gruber-logistics.com\/wp-content\/uploads\/2025\/04\/E_Truck_Scania_Staufenberg-25-min-900x600.jpg 900w\" sizes=\"auto, (max-width: 300px) 100vw, 300px\" \/><\/a>\n\t\t\t<\/dt><\/dl><dl class='gallery-item'>\n\t\t\t<dt class='gallery-icon landscape'>\n\t\t\t\t<a href='https:\/\/www.gruber-logistics.com\/de\/gruber-logistics-investiert-weiter-in-elektromobilitaet\/e_truck_scania_staufenberg-9-min-2\/'><img loading=\"lazy\" decoding=\"async\" width=\"300\" height=\"200\" src=\"https:\/\/www.gruber-logistics.com\/wp-content\/uploads\/2025\/04\/E_Truck_Scania_Staufenberg-9-min-300x200.jpg\" class=\"attachment-medium size-medium\" alt=\"sostenibilit\u00e0 logistica\" srcset=\"https:\/\/www.gruber-logistics.com\/wp-content\/uploads\/2025\/04\/E_Truck_Scania_Staufenberg-9-min-300x200.jpg 300w, https:\/\/www.gruber-logistics.com\/wp-content\/uploads\/2025\/04\/E_Truck_Scania_Staufenberg-9-min-1024x683.jpg 1024w, https:\/\/www.gruber-logistics.com\/wp-content\/uploads\/2025\/04\/E_Truck_Scania_Staufenberg-9-min-768x512.jpg 768w, https:\/\/www.gruber-logistics.com\/wp-content\/uploads\/2025\/04\/E_Truck_Scania_Staufenberg-9-min-1536x1024.jpg 1536w, https:\/\/www.gruber-logistics.com\/wp-content\/uploads\/2025\/04\/E_Truck_Scania_Staufenberg-9-min-2048x1365.jpg 2048w, https:\/\/www.gruber-logistics.com\/wp-content\/uploads\/2025\/04\/E_Truck_Scania_Staufenberg-9-min-900x600.jpg 900w\" sizes=\"auto, (max-width: 300px) 100vw, 300px\" \/><\/a>\n\t\t\t<\/dt><\/dl><dl class='gallery-item'>\n\t\t\t<dt class='gallery-icon landscape'>\n\t\t\t\t<a href='https:\/\/www.gruber-logistics.com\/de\/gruber-logistics-investiert-weiter-in-elektromobilitaet\/e_truck_scania_staufenberg-17-min\/'><img loading=\"lazy\" decoding=\"async\" width=\"300\" height=\"155\" src=\"https:\/\/www.gruber-logistics.com\/wp-content\/uploads\/2025\/04\/E_Truck_Scania_Staufenberg-17-min-300x155.jpg\" class=\"attachment-medium size-medium\" alt=\"\" srcset=\"https:\/\/www.gruber-logistics.com\/wp-content\/uploads\/2025\/04\/E_Truck_Scania_Staufenberg-17-min-300x155.jpg 300w, https:\/\/www.gruber-logistics.com\/wp-content\/uploads\/2025\/04\/E_Truck_Scania_Staufenberg-17-min-1024x528.jpg 1024w, https:\/\/www.gruber-logistics.com\/wp-content\/uploads\/2025\/04\/E_Truck_Scania_Staufenberg-17-min-768x396.jpg 768w, https:\/\/www.gruber-logistics.com\/wp-content\/uploads\/2025\/04\/E_Truck_Scania_Staufenberg-17-min-1536x792.jpg 1536w, https:\/\/www.gruber-logistics.com\/wp-content\/uploads\/2025\/04\/E_Truck_Scania_Staufenberg-17-min-2048x1056.jpg 2048w\" sizes=\"auto, (max-width: 300px) 100vw, 300px\" \/><\/a>\n\t\t\t<\/dt><\/dl><br style=\"clear: both\" \/>\n\t\t<\/div>\n\n<p>Mit einer Reichweite von bis zu 350 Kilometern pro Tour und einer avisierten j\u00e4hrlichen Fahrleistung von 100.000 Kilometern wird das neue Elektrofahrzeug \u00f6kologisch f\u00fcr die Kunden von Gruber Logistics im Dienst sein. Dank des anhaltenden technologischen Fortschritts dieser Antriebstechnik sind weitere Leistungsverbesserungen zu erwarten, von denen k\u00fcnftig auch das S\u00fcdtiroler Unternehmen bei der weiter forcierten Abkehr von fossilen Energietr\u00e4gern profitieren wird.<\/p>\n<p>Bernd Lauer, Niederlassungsleiter Gruber Logistics in Staufenberg, freut sich \u00fcber die Modernisierung sowohl seines Fuhrparks als auch der Standortinfrastruktur: \u201eDem sp\u00fcrbar gewachsenen Wunsch der Kunden hinsichtlich eines nachhaltigeren Stra\u00dfeng\u00fcterverkehrs k\u00f6nnen wir mit dem neuen 40-Tonner von Scania somit bestens Rechnung tragen. Mit der firmeneigenen Ladestation, die mit \u201agr\u00fcnem Strom\u2018 betrieben wird, sind wir unabh\u00e4ngiger von externer, erst im Aufbau befindlicher Infrastruktur.\u201c<\/p>\n<p>Die Neuanschaffung der mittelhessischen Niederlassung ist bereits der vierte E-Lkw bei Gruber Logistics in Deutschland. Zwei fahren f\u00fcr den Standort Kreuztal seit Anfang des vergangenen Jahres und seit Mai 2024 ist ein weiterer in Verkehren f\u00fcr den Auftraggeber Siemens in Leipzig im Einsatz. Im italienischen Stammland des renommierten Logistikers wurde ebenfalls in nachhaltige Transportl\u00f6sungen investiert und zum Teil die Entwicklung der mit Batteriestrom fahrenden Trucks gemeinsam mit Scania und Elektrolux vorangetrieben.<\/p>\n<p>Diese Investition ist Teil einer umfassenderen Strategie zur Dekarbonisierung des Fuhrparks von Gruber Logistics, die bereits mehrere Initiativen zur Einf\u00fchrung von <a href=\"https:\/\/www.gruber-logistics.com\/de\/electric-vehicles-in-freight-transport\/\">Elektrofahrzeugen<\/a> sowohl in Deutschland als auch in Italien gestartet hat.<\/p>\n","protected":false},"excerpt":{"rendered":"<p>Das traditionsreiche Logistikunternehmen Gruber Logistics erneuert seine Flottenstruktur sukzessive mit ressourcenschonenden Lkw-Antriebstypen. Seit vergangenem Monat setzt die Niederlassung Staufenberg nahe Gie\u00dfen einen leistungsstarken E-Lkw von&#8230;<\/p>\n","protected":false},"author":20,"featured_media":28617,"comment_status":"closed","ping_status":"closed","sticky":false,"template":"","format":"standard","meta":{"footnotes":""},"categories":[269],"tags":[],"class_list":{"0":"post-28609","1":"post","2":"type-post","3":"status-publish","4":"format-standard","5":"has-post-thumbnail","7":"category-news-de"},"yoast_head":"<!-- This site is optimized with the Yoast SEO plugin v24.6 - https:\/\/yoast.com\/wordpress\/plugins\/seo\/ -->\n<title>Gruber Logistics investiert weiter in Elektromobilit\u00e4t - GRUBER Logistics S.p.A.<\/title>\n<meta name=\"description\" content=\"Gruber Logistics investiert weiter in Elektromobilit\u00e4t - GRUBER Logistics S.p.A.\" \/>\n<meta name=\"robots\" content=\"index, follow, max-snippet:-1, max-image-preview:large, max-video-preview:-1\" \/>\n<link rel=\"canonical\" href=\"https:\/\/www.gruber-logistics.com\/de\/gruber-logistics-investiert-weiter-in-elektromobilitaet\/\" \/>\n<meta property=\"og:locale\" content=\"de_DE\" \/>\n<meta property=\"og:type\" content=\"article\" \/>\n<meta property=\"og:title\" content=\"Gruber Logistics investiert weiter in Elektromobilit\u00e4t - GRUBER Logistics S.p.A.\" \/>\n<meta property=\"og:description\" content=\"Gruber Logistics investiert weiter in Elektromobilit\u00e4t - GRUBER Logistics S.p.A.\" \/>\n<meta property=\"og:url\" content=\"https:\/\/www.gruber-logistics.com\/de\/gruber-logistics-investiert-weiter-in-elektromobilitaet\/\" \/>\n<meta property=\"og:site_name\" content=\"GRUBER Logistics S.p.A.\" \/>\n<meta property=\"article:publisher\" content=\"https:\/\/it-it.facebook.com\/gruberlogistics\/\" \/>\n<meta property=\"article:published_time\" content=\"2025-04-08T06:18:15+00:00\" \/>\n<meta property=\"article:modified_time\" content=\"2025-05-09T09:22:26+00:00\" \/>\n<meta property=\"og:image\" content=\"https:\/\/www.gruber-logistics.com\/wp-content\/uploads\/2025\/04\/E-Truck-Staufenberg.jpg\" \/>\n\t<meta property=\"og:image:width\" content=\"1400\" \/>\n\t<meta property=\"og:image:height\" content=\"940\" \/>\n\t<meta property=\"og:image:type\" content=\"image\/jpeg\" \/>\n<meta name=\"author\" content=\"GRUBER Logistics\" \/>\n<meta name=\"twitter:card\" content=\"summary_large_image\" \/>\n<meta name=\"twitter:creator\" content=\"@GruberLogistics\" \/>\n<meta name=\"twitter:site\" content=\"@GruberLogistics\" \/>\n<meta name=\"twitter:label1\" content=\"Verfasst von\" \/>\n\t<meta name=\"twitter:data1\" content=\"GRUBER Logistics\" \/>\n\t<meta name=\"twitter:label2\" content=\"Gesch\u00e4tzte Lesezeit\" \/>\n\t<meta name=\"twitter:data2\" content=\"3\u00a0Minuten\" \/>\n<script type=\"application\/ld+json\" class=\"yoast-schema-graph\">{\"@context\":\"https:\/\/schema.org\",\"@graph\":[{\"@type\":\"Article\",\"@id\":\"https:\/\/www.gruber-logistics.com\/de\/gruber-logistics-investiert-weiter-in-elektromobilitaet\/#article\",\"isPartOf\":{\"@id\":\"https:\/\/www.gruber-logistics.com\/de\/gruber-logistics-investiert-weiter-in-elektromobilitaet\/\"},\"author\":{\"name\":\"GRUBER Logistics\",\"@id\":\"https:\/\/www.gruber-logistics.com\/de\/#\/schema\/person\/4e9ceb4fde2258e3923fde9749a69ff8\"},\"headline\":\"Gruber Logistics investiert weiter in Elektromobilit\u00e4t\",\"datePublished\":\"2025-04-08T06:18:15+00:00\",\"dateModified\":\"2025-05-09T09:22:26+00:00\",\"mainEntityOfPage\":{\"@id\":\"https:\/\/www.gruber-logistics.com\/de\/gruber-logistics-investiert-weiter-in-elektromobilitaet\/\"},\"wordCount\":432,\"publisher\":{\"@id\":\"https:\/\/www.gruber-logistics.com\/de\/#organization\"},\"image\":{\"@id\":\"https:\/\/www.gruber-logistics.com\/de\/gruber-logistics-investiert-weiter-in-elektromobilitaet\/#primaryimage\"},\"thumbnailUrl\":\"https:\/\/www.gruber-logistics.com\/wp-content\/uploads\/2025\/04\/E-Truck-Staufenberg.jpg\",\"articleSection\":[\"News DE\"],\"inLanguage\":\"de\"},{\"@type\":\"WebPage\",\"@id\":\"https:\/\/www.gruber-logistics.com\/de\/gruber-logistics-investiert-weiter-in-elektromobilitaet\/\",\"url\":\"https:\/\/www.gruber-logistics.com\/de\/gruber-logistics-investiert-weiter-in-elektromobilitaet\/\",\"name\":\"Gruber Logistics investiert weiter in Elektromobilit\u00e4t - GRUBER Logistics S.p.A.\",\"isPartOf\":{\"@id\":\"https:\/\/www.gruber-logistics.com\/de\/#website\"},\"primaryImageOfPage\":{\"@id\":\"https:\/\/www.gruber-logistics.com\/de\/gruber-logistics-investiert-weiter-in-elektromobilitaet\/#primaryimage\"},\"image\":{\"@id\":\"https:\/\/www.gruber-logistics.com\/de\/gruber-logistics-investiert-weiter-in-elektromobilitaet\/#primaryimage\"},\"thumbnailUrl\":\"https:\/\/www.gruber-logistics.com\/wp-content\/uploads\/2025\/04\/E-Truck-Staufenberg.jpg\",\"datePublished\":\"2025-04-08T06:18:15+00:00\",\"dateModified\":\"2025-05-09T09:22:26+00:00\",\"description\":\"Gruber Logistics investiert weiter in Elektromobilit\u00e4t - GRUBER Logistics S.p.A.\",\"breadcrumb\":{\"@id\":\"https:\/\/www.gruber-logistics.com\/de\/gruber-logistics-investiert-weiter-in-elektromobilitaet\/#breadcrumb\"},\"inLanguage\":\"de\",\"potentialAction\":[{\"@type\":\"ReadAction\",\"target\":[\"https:\/\/www.gruber-logistics.com\/de\/gruber-logistics-investiert-weiter-in-elektromobilitaet\/\"]}]},{\"@type\":\"ImageObject\",\"inLanguage\":\"de\",\"@id\":\"https:\/\/www.gruber-logistics.com\/de\/gruber-logistics-investiert-weiter-in-elektromobilitaet\/#primaryimage\",\"url\":\"https:\/\/www.gruber-logistics.com\/wp-content\/uploads\/2025\/04\/E-Truck-Staufenberg.jpg\",\"contentUrl\":\"https:\/\/www.gruber-logistics.com\/wp-content\/uploads\/2025\/04\/E-Truck-Staufenberg.jpg\",\"width\":1400,\"height\":940,\"caption\":\"camion elettrici\"},{\"@type\":\"BreadcrumbList\",\"@id\":\"https:\/\/www.gruber-logistics.com\/de\/gruber-logistics-investiert-weiter-in-elektromobilitaet\/#breadcrumb\",\"itemListElement\":[{\"@type\":\"ListItem\",\"position\":1,\"name\":\"Home\",\"item\":\"https:\/\/www.gruber-logistics.com\/de\/\"},{\"@type\":\"ListItem\",\"position\":2,\"name\":\"Gruber Logistics investiert weiter in Elektromobilit\u00e4t\"}]},{\"@type\":\"WebSite\",\"@id\":\"https:\/\/www.gruber-logistics.com\/de\/#website\",\"url\":\"https:\/\/www.gruber-logistics.com\/de\/\",\"name\":\"GRUBER Logistics S.p.A.\",\"description\":\"Transportunternehmen\",\"publisher\":{\"@id\":\"https:\/\/www.gruber-logistics.com\/de\/#organization\"},\"potentialAction\":[{\"@type\":\"SearchAction\",\"target\":{\"@type\":\"EntryPoint\",\"urlTemplate\":\"https:\/\/www.gruber-logistics.com\/de\/?s={search_term_string}\"},\"query-input\":{\"@type\":\"PropertyValueSpecification\",\"valueRequired\":true,\"valueName\":\"search_term_string\"}}],\"inLanguage\":\"de\"},{\"@type\":\"Organization\",\"@id\":\"https:\/\/www.gruber-logistics.com\/de\/#organization\",\"name\":\"GRUBER Logistics S.p.A.\",\"url\":\"https:\/\/www.gruber-logistics.com\/de\/\",\"logo\":{\"@type\":\"ImageObject\",\"inLanguage\":\"de\",\"@id\":\"https:\/\/www.gruber-logistics.com\/de\/#\/schema\/logo\/image\/\",\"url\":\"https:\/\/www.gruber-logistics.com\/wp-content\/uploads\/2018\/11\/Gruber-logistics-logo-color.png\",\"contentUrl\":\"https:\/\/www.gruber-logistics.com\/wp-content\/uploads\/2018\/11\/Gruber-logistics-logo-color.png\",\"width\":324,\"height\":100,\"caption\":\"GRUBER Logistics S.p.A.\"},\"image\":{\"@id\":\"https:\/\/www.gruber-logistics.com\/de\/#\/schema\/logo\/image\/\"},\"sameAs\":[\"https:\/\/it-it.facebook.com\/gruberlogistics\/\",\"https:\/\/x.com\/GruberLogistics\",\"https:\/\/www.instagram.com\/gruberlogistics\/\",\"https:\/\/it.linkedin.com\/company\/gruber-logistics\",\"https:\/\/www.youtube.com\/channel\/UCdq3OH0UblNUnUETLsSxLog\"]},{\"@type\":\"Person\",\"@id\":\"https:\/\/www.gruber-logistics.com\/de\/#\/schema\/person\/4e9ceb4fde2258e3923fde9749a69ff8\",\"name\":\"GRUBER Logistics\",\"image\":{\"@type\":\"ImageObject\",\"inLanguage\":\"de\",\"@id\":\"https:\/\/www.gruber-logistics.com\/de\/#\/schema\/person\/image\/\",\"url\":\"https:\/\/secure.gravatar.com\/avatar\/3000cf3662ac8474a82f293beb1cbaa2?s=96&d=mm&r=g\",\"contentUrl\":\"https:\/\/secure.gravatar.com\/avatar\/3000cf3662ac8474a82f293beb1cbaa2?s=96&d=mm&r=g\",\"caption\":\"GRUBER Logistics\"}}]}<\/script>\n<!-- \/ Yoast SEO plugin. -->","yoast_head_json":{"title":"Gruber Logistics investiert weiter in Elektromobilit\u00e4t - GRUBER Logistics S.p.A.","description":"Gruber Logistics investiert weiter in Elektromobilit\u00e4t - GRUBER Logistics S.p.A.","robots":{"index":"index","follow":"follow","max-snippet":"max-snippet:-1","max-image-preview":"max-image-preview:large","max-video-preview":"max-video-preview:-1"},"canonical":"https:\/\/www.gruber-logistics.com\/de\/gruber-logistics-investiert-weiter-in-elektromobilitaet\/","og_locale":"de_DE","og_type":"article","og_title":"Gruber Logistics investiert weiter in Elektromobilit\u00e4t - GRUBER Logistics S.p.A.","og_description":"Gruber Logistics investiert weiter in Elektromobilit\u00e4t - GRUBER Logistics S.p.A.","og_url":"https:\/\/www.gruber-logistics.com\/de\/gruber-logistics-investiert-weiter-in-elektromobilitaet\/","og_site_name":"GRUBER Logistics S.p.A.","article_publisher":"https:\/\/it-it.facebook.com\/gruberlogistics\/","article_published_time":"2025-04-08T06:18:15+00:00","article_modified_time":"2025-05-09T09:22:26+00:00","og_image":[{"width":1400,"height":940,"url":"https:\/\/www.gruber-logistics.com\/wp-content\/uploads\/2025\/04\/E-Truck-Staufenberg.jpg","type":"image\/jpeg"}],"author":"GRUBER Logistics","twitter_card":"summary_large_image","twitter_creator":"@GruberLogistics","twitter_site":"@GruberLogistics","twitter_misc":{"Verfasst von":"GRUBER Logistics","Gesch\u00e4tzte Lesezeit":"3\u00a0Minuten"},"schema":{"@context":"https:\/\/schema.org","@graph":[{"@type":"Article","@id":"https:\/\/www.gruber-logistics.com\/de\/gruber-logistics-investiert-weiter-in-elektromobilitaet\/#article","isPartOf":{"@id":"https:\/\/www.gruber-logistics.com\/de\/gruber-logistics-investiert-weiter-in-elektromobilitaet\/"},"author":{"name":"GRUBER Logistics","@id":"https:\/\/www.gruber-logistics.com\/de\/#\/schema\/person\/4e9ceb4fde2258e3923fde9749a69ff8"},"headline":"Gruber Logistics investiert weiter in Elektromobilit\u00e4t","datePublished":"2025-04-08T06:18:15+00:00","dateModified":"2025-05-09T09:22:26+00:00","mainEntityOfPage":{"@id":"https:\/\/www.gruber-logistics.com\/de\/gruber-logistics-investiert-weiter-in-elektromobilitaet\/"},"wordCount":432,"publisher":{"@id":"https:\/\/www.gruber-logistics.com\/de\/#organization"},"image":{"@id":"https:\/\/www.gruber-logistics.com\/de\/gruber-logistics-investiert-weiter-in-elektromobilitaet\/#primaryimage"},"thumbnailUrl":"https:\/\/www.gruber-logistics.com\/wp-content\/uploads\/2025\/04\/E-Truck-Staufenberg.jpg","articleSection":["News DE"],"inLanguage":"de"},{"@type":"WebPage","@id":"https:\/\/www.gruber-logistics.com\/de\/gruber-logistics-investiert-weiter-in-elektromobilitaet\/","url":"https:\/\/www.gruber-logistics.com\/de\/gruber-logistics-investiert-weiter-in-elektromobilitaet\/","name":"Gruber Logistics investiert weiter in Elektromobilit\u00e4t - GRUBER Logistics S.p.A.","isPartOf":{"@id":"https:\/\/www.gruber-logistics.com\/de\/#website"},"primaryImageOfPage":{"@id":"https:\/\/www.gruber-logistics.com\/de\/gruber-logistics-investiert-weiter-in-elektromobilitaet\/#primaryimage"},"image":{"@id":"https:\/\/www.gruber-logistics.com\/de\/gruber-logistics-investiert-weiter-in-elektromobilitaet\/#primaryimage"},"thumbnailUrl":"https:\/\/www.gruber-logistics.com\/wp-content\/uploads\/2025\/04\/E-Truck-Staufenberg.jpg","datePublished":"2025-04-08T06:18:15+00:00","dateModified":"2025-05-09T09:22:26+00:00","description":"Gruber Logistics investiert weiter in Elektromobilit\u00e4t - GRUBER Logistics S.p.A.","breadcrumb":{"@id":"https:\/\/www.gruber-logistics.com\/de\/gruber-logistics-investiert-weiter-in-elektromobilitaet\/#breadcrumb"},"inLanguage":"de","potentialAction":[{"@type":"ReadAction","target":["https:\/\/www.gruber-logistics.com\/de\/gruber-logistics-investiert-weiter-in-elektromobilitaet\/"]}]},{"@type":"ImageObject","inLanguage":"de","@id":"https:\/\/www.gruber-logistics.com\/de\/gruber-logistics-investiert-weiter-in-elektromobilitaet\/#primaryimage","url":"https:\/\/www.gruber-logistics.com\/wp-content\/uploads\/2025\/04\/E-Truck-Staufenberg.jpg","contentUrl":"https:\/\/www.gruber-logistics.com\/wp-content\/uploads\/2025\/04\/E-Truck-Staufenberg.jpg","width":1400,"height":940,"caption":"camion elettrici"},{"@type":"BreadcrumbList","@id":"https:\/\/www.gruber-logistics.com\/de\/gruber-logistics-investiert-weiter-in-elektromobilitaet\/#breadcrumb","itemListElement":[{"@type":"ListItem","position":1,"name":"Home","item":"https:\/\/www.gruber-logistics.com\/de\/"},{"@type":"ListItem","position":2,"name":"Gruber Logistics investiert weiter in Elektromobilit\u00e4t"}]},{"@type":"WebSite","@id":"https:\/\/www.gruber-logistics.com\/de\/#website","url":"https:\/\/www.gruber-logistics.com\/de\/","name":"GRUBER Logistics S.p.A.","description":"Transportunternehmen","publisher":{"@id":"https:\/\/www.gruber-logistics.com\/de\/#organization"},"potentialAction":[{"@type":"SearchAction","target":{"@type":"EntryPoint","urlTemplate":"https:\/\/www.gruber-logistics.com\/de\/?s={search_term_string}"},"query-input":{"@type":"PropertyValueSpecification","valueRequired":true,"valueName":"search_term_string"}}],"inLanguage":"de"},{"@type":"Organization","@id":"https:\/\/www.gruber-logistics.com\/de\/#organization","name":"GRUBER Logistics S.p.A.","url":"https:\/\/www.gruber-logistics.com\/de\/","logo":{"@type":"ImageObject","inLanguage":"de","@id":"https:\/\/www.gruber-logistics.com\/de\/#\/schema\/logo\/image\/","url":"https:\/\/www.gruber-logistics.com\/wp-content\/uploads\/2018\/11\/Gruber-logistics-logo-color.png","contentUrl":"https:\/\/www.gruber-logistics.com\/wp-content\/uploads\/2018\/11\/Gruber-logistics-logo-color.png","width":324,"height":100,"caption":"GRUBER Logistics S.p.A."},"image":{"@id":"https:\/\/www.gruber-logistics.com\/de\/#\/schema\/logo\/image\/"},"sameAs":["https:\/\/it-it.facebook.com\/gruberlogistics\/","https:\/\/x.com\/GruberLogistics","https:\/\/www.instagram.com\/gruberlogistics\/","https:\/\/it.linkedin.com\/company\/gruber-logistics","https:\/\/www.youtube.com\/channel\/UCdq3OH0UblNUnUETLsSxLog"]},{"@type":"Person","@id":"https:\/\/www.gruber-logistics.com\/de\/#\/schema\/person\/4e9ceb4fde2258e3923fde9749a69ff8","name":"GRUBER Logistics","image":{"@type":"ImageObject","inLanguage":"de","@id":"https:\/\/www.gruber-logistics.com\/de\/#\/schema\/person\/image\/","url":"https:\/\/secure.gravatar.com\/avatar\/3000cf3662ac8474a82f293beb1cbaa2?s=96&d=mm&r=g","contentUrl":"https:\/\/secure.gravatar.com\/avatar\/3000cf3662ac8474a82f293beb1cbaa2?s=96&d=mm&r=g","caption":"GRUBER Logistics"}}]}},"_links":{"self":[{"href":"https:\/\/www.gruber-logistics.com\/de\/wp-json\/wp\/v2\/posts\/28609","targetHints":{"allow":["GET"]}}],"collection":[{"href":"https:\/\/www.gruber-logistics.com\/de\/wp-json\/wp\/v2\/posts"}],"about":[{"href":"https:\/\/www.gruber-logistics.com\/de\/wp-json\/wp\/v2\/types\/post"}],"author":[{"embeddable":true,"href":"https:\/\/www.gruber-logistics.com\/de\/wp-json\/wp\/v2\/users\/20"}],"replies":[{"embeddable":true,"href":"https:\/\/www.gruber-logistics.com\/de\/wp-json\/wp\/v2\/comments?post=28609"}],"version-history":[{"count":5,"href":"https:\/\/www.gruber-logistics.com\/de\/wp-json\/wp\/v2\/posts\/28609\/revisions"}],"predecessor-version":[{"id":29617,"href":"https:\/\/www.gruber-logistics.com\/de\/wp-json\/wp\/v2\/posts\/28609\/revisions\/29617"}],"wp:featuredmedia":[{"embeddable":true,"href":"https:\/\/www.gruber-logistics.com\/de\/wp-json\/wp\/v2\/media\/28617"}],"wp:attachment":[{"href":"https:\/\/www.gruber-logistics.com\/de\/wp-json\/wp\/v2\/media?parent=28609"}],"wp:term":[{"taxonomy":"category","embeddable":true,"href":"https:\/\/www.gruber-logistics.com\/de\/wp-json\/wp\/v2\/categories?post=28609"},{"taxonomy":"post_tag","embeddable":true,"href":"https:\/\/www.gruber-logistics.com\/de\/wp-json\/wp\/v2\/tags?post=28609"}],"curies":[{"name":"wp","href":"https:\/\/api.w.org\/{rel}","templated":true}]}}