{"id":29489,"date":"2025-05-08T09:20:54","date_gmt":"2025-05-08T09:20:54","guid":{"rendered":"https:\/\/www.gruber-logistics.com\/?p=29489"},"modified":"2025-05-09T10:37:17","modified_gmt":"2025-05-09T10:37:17","slug":"gruber-logistics-auf-der-transport-logistics-2025-in-muenchen","status":"publish","type":"post","link":"https:\/\/www.gruber-logistics.com\/de\/gruber-logistics-auf-der-transport-logistics-2025-in-muenchen\/","title":{"rendered":"Gruber Logistics auf der transport logistics 2025 in M\u00fcnchen"},"content":{"rendered":"<p>Die weltweit f\u00fchrende Fachmesse f\u00fcr Logistik, Mobilit\u00e4t, IT und Supply Chain Management, die transport logistic, findet in diesem Jahr vom <strong>02.-05.06.2025 in M\u00fcnchen<\/strong> statt. An diesem gro\u00dfen Zusammentreffen von Branchenexperten und Innovationstreibern ist auch Gruber Logistics wieder mit einem eigenen Stand in Halle A4, 333 vertreten.<\/p>\n<p>Allerdings ist das noch lange nicht alles: In diesem Jahr bieten wir an unserem Stand spannende Workshop in Bezug auf Nachhaltigkeit und Innovation des Sektors im europ\u00e4ischen Rahmen an, sind Teil weiterer Workshops au\u00dferhalb unseres Standes, veranstalten ein Panel auf der Exhibitor Stage und unser CEO Martin Gruber ist Gast an einem weiteren Panel zum Brenner-Korridor.<\/p>\n<p>Wir laden Sie ein, uns an unserem Stand zu besuchen, sich f\u00fcr die Workshops und Events anzumelden und unsere Panels zu besuchen. Egal, wo wir Sie treffen werden, freuen wir uns auf einen netten und interessanten Austausch mit Ihnen.<\/p>\n<h2>Workshops am Gruber Logistics Stand in Halle A4, 333:<\/h2>\n<p>Gruber Logistics wird drei Workshops anbieten, die sich mit aktuellen Themen und Herausforderungen der Logistikbranche auf europ\u00e4ischem Level befassen. Besuchen Sie uns in Halle A4, Stand 333, um an folgenden Workshops teilzunehmen:<\/p>\n<ul>\n<li><strong>Montag, 2. Juni | 15:30-16:30 Uhr<\/strong>: <a href=\"https:\/\/www.eventbrite.com\/e\/electric-vehicles-in-urban-area-which-is-the-logistics-model-tickets-1303936522239?aff=oddtdtcreator\">Elektrofahrzeuge im urbanen Raum: Welches ist das Logistikmodell?<\/a><\/li>\n<li><strong>Dienstag, 3. Juni | 15:30-16:30 Uhr<\/strong>: <a href=\"https:\/\/www.eventbrite.com\/e\/ensuring-accurate-fuel-emission-reporting-in-road-transport-tickets-1303956231189?aff=oddtdtcreator\">Die Herausforderungen von Schwerlastfahrzeugen f\u00fcr autonomes Fahren<\/a><\/li>\n<li><strong>Mittwoch, 4. Juni | 14:00-15:30 Uhr<\/strong>: <a href=\"https:\/\/www.eventbrite.com\/e\/next-generation-hydrogen-and-electric-heavy-duty-vehicles-tickets-1303980523849?aff=oddtdtcreator\">Sicherstellung einer genauen Berichterstattung \u00fcber Kraftstoffemissionen im Stra\u00dfentransport<\/a><\/li>\n<\/ul>\n<h2>Gruber Logistics auf der Exhibitor Stage (Halle B5, 133\/234):<\/h2>\n<ul>\n<li><strong>Donnerstag, 5. Juni | 11:00-11:40 Uhr<\/strong>: <a href=\"https:\/\/www.eventbrite.com\/e\/next-generation-hydrogen-and-electric-heavy-duty-vehicles-tickets-1303980523849?aff=oddtdtcreator\">Next-Generation Wasserstoff- und Elektro-Schwerlastfahrzeuge<\/a><\/li>\n<\/ul>\n<h2>Martin Gruber ist als Gast Teil des Panels \u00fcber den Brenner-Korridor auf der Konferenzb\u00fchne (Halle A2, 240):<\/h2>\n<ul>\n<li><a href=\"https:\/\/transportlogistic.de\/en\/event-program\/conference-program\/lecture\/brenner-corridor-for-road-and-rail-the-lifeline-for-freight-transport-to-italy-10920\/\">Dienstag, 3. Juni | 15:00-16:00 Uhr | A3\/240 | <strong>Brenner-Korridor f\u00fcr Stra\u00dfe und Schiene: Aorta f\u00fcr den G\u00fcterverkehr nach Italien<\/strong><\/a><\/li>\n<\/ul>\n<h2>Dar\u00fcber hinaus nimmt Gruber Logistics an weiteren Workshops au\u00dferhalb unseres Standes teil:<\/h2>\n<ul>\n<li><strong>Mittwoch, 4. Juni |09:45-11:45 Uhr | ADSP, Halle B2\/317-418<\/strong> |L\u00f6sung f\u00fcr die digitale Integration von kleinen Speditionen: Updates und Ergebnisse<\/li>\n<li><strong>Mittwoch 4. Juni | 11:30-12:30 Uhr | Halle B3\/205 |<\/strong> Veranstaltung zur St\u00e4rkung der \u00fcberregionalen Zusammenarbeit zur F\u00f6rderung des intermodalen G\u00fcterverkehrs<\/li>\n<li><strong>Mittwoch, 4. Juni | 14:00-16:00 Uhr| SKGV Halle B4\/319-418<\/strong> | Konkreter intermodaler Anwendungsfall mit der ESEP4Freight Plattform<\/li>\n<\/ul>\n","protected":false},"excerpt":{"rendered":"<p>Die weltweit f\u00fchrende Fachmesse f\u00fcr Logistik, Mobilit\u00e4t, IT und Supply Chain Management, die transport logistic, findet in diesem Jahr vom 02.-05.06.2025 in M\u00fcnchen statt. An&#8230;<\/p>\n","protected":false},"author":20,"featured_media":29453,"comment_status":"closed","ping_status":"closed","sticky":false,"template":"","format":"standard","meta":{"footnotes":""},"categories":[269],"tags":[],"class_list":{"0":"post-29489","1":"post","2":"type-post","3":"status-publish","4":"format-standard","5":"has-post-thumbnail","7":"category-news-de"},"yoast_head":"<!-- This site is optimized with the Yoast SEO plugin v24.6 - https:\/\/yoast.com\/wordpress\/plugins\/seo\/ -->\n<title>Gruber Logistics auf der transport logistics 2025 in M\u00fcnchen - GRUBER Logistics S.p.A.<\/title>\n<meta name=\"description\" content=\"Gruber Logistics auf der transport logistics 2025 in M\u00fcnchen - GRUBER Logistics S.p.A.\" \/>\n<meta name=\"robots\" content=\"index, follow, max-snippet:-1, max-image-preview:large, max-video-preview:-1\" \/>\n<link rel=\"canonical\" href=\"https:\/\/www.gruber-logistics.com\/de\/gruber-logistics-auf-der-transport-logistics-2025-in-muenchen\/\" \/>\n<meta property=\"og:locale\" content=\"de_DE\" \/>\n<meta property=\"og:type\" content=\"article\" \/>\n<meta property=\"og:title\" content=\"Gruber Logistics auf der transport logistics 2025 in M\u00fcnchen - GRUBER Logistics S.p.A.\" \/>\n<meta property=\"og:description\" content=\"Gruber Logistics auf der transport logistics 2025 in M\u00fcnchen - GRUBER Logistics S.p.A.\" \/>\n<meta property=\"og:url\" content=\"https:\/\/www.gruber-logistics.com\/de\/gruber-logistics-auf-der-transport-logistics-2025-in-muenchen\/\" \/>\n<meta property=\"og:site_name\" content=\"GRUBER Logistics S.p.A.\" \/>\n<meta property=\"article:publisher\" content=\"https:\/\/it-it.facebook.com\/gruberlogistics\/\" \/>\n<meta property=\"article:published_time\" content=\"2025-05-08T09:20:54+00:00\" \/>\n<meta property=\"article:modified_time\" content=\"2025-05-09T10:37:17+00:00\" \/>\n<meta property=\"og:image\" content=\"https:\/\/www.gruber-logistics.com\/wp-content\/uploads\/2025\/04\/transport-logistic-blog.jpg\" \/>\n\t<meta property=\"og:image:width\" content=\"800\" \/>\n\t<meta property=\"og:image:height\" content=\"537\" \/>\n\t<meta property=\"og:image:type\" content=\"image\/jpeg\" \/>\n<meta name=\"author\" content=\"GRUBER Logistics\" \/>\n<meta name=\"twitter:card\" content=\"summary_large_image\" \/>\n<meta name=\"twitter:creator\" content=\"@GruberLogistics\" \/>\n<meta name=\"twitter:site\" content=\"@GruberLogistics\" \/>\n<meta name=\"twitter:label1\" content=\"Verfasst von\" \/>\n\t<meta name=\"twitter:data1\" content=\"GRUBER Logistics\" \/>\n\t<meta name=\"twitter:label2\" content=\"Gesch\u00e4tzte Lesezeit\" \/>\n\t<meta name=\"twitter:data2\" content=\"2\u00a0Minuten\" \/>\n<script type=\"application\/ld+json\" class=\"yoast-schema-graph\">{\"@context\":\"https:\/\/schema.org\",\"@graph\":[{\"@type\":\"Article\",\"@id\":\"https:\/\/www.gruber-logistics.com\/de\/gruber-logistics-auf-der-transport-logistics-2025-in-muenchen\/#article\",\"isPartOf\":{\"@id\":\"https:\/\/www.gruber-logistics.com\/de\/gruber-logistics-auf-der-transport-logistics-2025-in-muenchen\/\"},\"author\":{\"name\":\"GRUBER Logistics\",\"@id\":\"https:\/\/www.gruber-logistics.com\/de\/#\/schema\/person\/4e9ceb4fde2258e3923fde9749a69ff8\"},\"headline\":\"Gruber Logistics auf der transport logistics 2025 in M\u00fcnchen\",\"datePublished\":\"2025-05-08T09:20:54+00:00\",\"dateModified\":\"2025-05-09T10:37:17+00:00\",\"mainEntityOfPage\":{\"@id\":\"https:\/\/www.gruber-logistics.com\/de\/gruber-logistics-auf-der-transport-logistics-2025-in-muenchen\/\"},\"wordCount\":358,\"publisher\":{\"@id\":\"https:\/\/www.gruber-logistics.com\/de\/#organization\"},\"image\":{\"@id\":\"https:\/\/www.gruber-logistics.com\/de\/gruber-logistics-auf-der-transport-logistics-2025-in-muenchen\/#primaryimage\"},\"thumbnailUrl\":\"https:\/\/www.gruber-logistics.com\/wp-content\/uploads\/2025\/04\/transport-logistic-blog.jpg\",\"articleSection\":[\"News DE\"],\"inLanguage\":\"de\"},{\"@type\":\"WebPage\",\"@id\":\"https:\/\/www.gruber-logistics.com\/de\/gruber-logistics-auf-der-transport-logistics-2025-in-muenchen\/\",\"url\":\"https:\/\/www.gruber-logistics.com\/de\/gruber-logistics-auf-der-transport-logistics-2025-in-muenchen\/\",\"name\":\"Gruber Logistics auf der transport logistics 2025 in M\u00fcnchen - GRUBER Logistics S.p.A.\",\"isPartOf\":{\"@id\":\"https:\/\/www.gruber-logistics.com\/de\/#website\"},\"primaryImageOfPage\":{\"@id\":\"https:\/\/www.gruber-logistics.com\/de\/gruber-logistics-auf-der-transport-logistics-2025-in-muenchen\/#primaryimage\"},\"image\":{\"@id\":\"https:\/\/www.gruber-logistics.com\/de\/gruber-logistics-auf-der-transport-logistics-2025-in-muenchen\/#primaryimage\"},\"thumbnailUrl\":\"https:\/\/www.gruber-logistics.com\/wp-content\/uploads\/2025\/04\/transport-logistic-blog.jpg\",\"datePublished\":\"2025-05-08T09:20:54+00:00\",\"dateModified\":\"2025-05-09T10:37:17+00:00\",\"description\":\"Gruber Logistics auf der transport logistics 2025 in M\u00fcnchen - GRUBER Logistics S.p.A.\",\"breadcrumb\":{\"@id\":\"https:\/\/www.gruber-logistics.com\/de\/gruber-logistics-auf-der-transport-logistics-2025-in-muenchen\/#breadcrumb\"},\"inLanguage\":\"de\",\"potentialAction\":[{\"@type\":\"ReadAction\",\"target\":[\"https:\/\/www.gruber-logistics.com\/de\/gruber-logistics-auf-der-transport-logistics-2025-in-muenchen\/\"]}]},{\"@type\":\"ImageObject\",\"inLanguage\":\"de\",\"@id\":\"https:\/\/www.gruber-logistics.com\/de\/gruber-logistics-auf-der-transport-logistics-2025-in-muenchen\/#primaryimage\",\"url\":\"https:\/\/www.gruber-logistics.com\/wp-content\/uploads\/2025\/04\/transport-logistic-blog.jpg\",\"contentUrl\":\"https:\/\/www.gruber-logistics.com\/wp-content\/uploads\/2025\/04\/transport-logistic-blog.jpg\",\"width\":800,\"height\":537,\"caption\":\"fiera monaco transport logistic\"},{\"@type\":\"BreadcrumbList\",\"@id\":\"https:\/\/www.gruber-logistics.com\/de\/gruber-logistics-auf-der-transport-logistics-2025-in-muenchen\/#breadcrumb\",\"itemListElement\":[{\"@type\":\"ListItem\",\"position\":1,\"name\":\"Home\",\"item\":\"https:\/\/www.gruber-logistics.com\/de\/\"},{\"@type\":\"ListItem\",\"position\":2,\"name\":\"Gruber Logistics auf der transport logistics 2025 in M\u00fcnchen\"}]},{\"@type\":\"WebSite\",\"@id\":\"https:\/\/www.gruber-logistics.com\/de\/#website\",\"url\":\"https:\/\/www.gruber-logistics.com\/de\/\",\"name\":\"GRUBER Logistics S.p.A.\",\"description\":\"Transportunternehmen\",\"publisher\":{\"@id\":\"https:\/\/www.gruber-logistics.com\/de\/#organization\"},\"potentialAction\":[{\"@type\":\"SearchAction\",\"target\":{\"@type\":\"EntryPoint\",\"urlTemplate\":\"https:\/\/www.gruber-logistics.com\/de\/?s={search_term_string}\"},\"query-input\":{\"@type\":\"PropertyValueSpecification\",\"valueRequired\":true,\"valueName\":\"search_term_string\"}}],\"inLanguage\":\"de\"},{\"@type\":\"Organization\",\"@id\":\"https:\/\/www.gruber-logistics.com\/de\/#organization\",\"name\":\"GRUBER Logistics S.p.A.\",\"url\":\"https:\/\/www.gruber-logistics.com\/de\/\",\"logo\":{\"@type\":\"ImageObject\",\"inLanguage\":\"de\",\"@id\":\"https:\/\/www.gruber-logistics.com\/de\/#\/schema\/logo\/image\/\",\"url\":\"https:\/\/www.gruber-logistics.com\/wp-content\/uploads\/2018\/11\/Gruber-logistics-logo-color.png\",\"contentUrl\":\"https:\/\/www.gruber-logistics.com\/wp-content\/uploads\/2018\/11\/Gruber-logistics-logo-color.png\",\"width\":324,\"height\":100,\"caption\":\"GRUBER Logistics S.p.A.\"},\"image\":{\"@id\":\"https:\/\/www.gruber-logistics.com\/de\/#\/schema\/logo\/image\/\"},\"sameAs\":[\"https:\/\/it-it.facebook.com\/gruberlogistics\/\",\"https:\/\/x.com\/GruberLogistics\",\"https:\/\/www.instagram.com\/gruberlogistics\/\",\"https:\/\/it.linkedin.com\/company\/gruber-logistics\",\"https:\/\/www.youtube.com\/channel\/UCdq3OH0UblNUnUETLsSxLog\"]},{\"@type\":\"Person\",\"@id\":\"https:\/\/www.gruber-logistics.com\/de\/#\/schema\/person\/4e9ceb4fde2258e3923fde9749a69ff8\",\"name\":\"GRUBER Logistics\",\"image\":{\"@type\":\"ImageObject\",\"inLanguage\":\"de\",\"@id\":\"https:\/\/www.gruber-logistics.com\/de\/#\/schema\/person\/image\/\",\"url\":\"https:\/\/secure.gravatar.com\/avatar\/3000cf3662ac8474a82f293beb1cbaa2?s=96&d=mm&r=g\",\"contentUrl\":\"https:\/\/secure.gravatar.com\/avatar\/3000cf3662ac8474a82f293beb1cbaa2?s=96&d=mm&r=g\",\"caption\":\"GRUBER Logistics\"}}]}<\/script>\n<!-- \/ Yoast SEO plugin. -->","yoast_head_json":{"title":"Gruber Logistics auf der transport logistics 2025 in M\u00fcnchen - GRUBER Logistics S.p.A.","description":"Gruber Logistics auf der transport logistics 2025 in M\u00fcnchen - GRUBER Logistics S.p.A.","robots":{"index":"index","follow":"follow","max-snippet":"max-snippet:-1","max-image-preview":"max-image-preview:large","max-video-preview":"max-video-preview:-1"},"canonical":"https:\/\/www.gruber-logistics.com\/de\/gruber-logistics-auf-der-transport-logistics-2025-in-muenchen\/","og_locale":"de_DE","og_type":"article","og_title":"Gruber Logistics auf der transport logistics 2025 in M\u00fcnchen - GRUBER Logistics S.p.A.","og_description":"Gruber Logistics auf der transport logistics 2025 in M\u00fcnchen - GRUBER Logistics S.p.A.","og_url":"https:\/\/www.gruber-logistics.com\/de\/gruber-logistics-auf-der-transport-logistics-2025-in-muenchen\/","og_site_name":"GRUBER Logistics S.p.A.","article_publisher":"https:\/\/it-it.facebook.com\/gruberlogistics\/","article_published_time":"2025-05-08T09:20:54+00:00","article_modified_time":"2025-05-09T10:37:17+00:00","og_image":[{"width":800,"height":537,"url":"https:\/\/www.gruber-logistics.com\/wp-content\/uploads\/2025\/04\/transport-logistic-blog.jpg","type":"image\/jpeg"}],"author":"GRUBER Logistics","twitter_card":"summary_large_image","twitter_creator":"@GruberLogistics","twitter_site":"@GruberLogistics","twitter_misc":{"Verfasst von":"GRUBER Logistics","Gesch\u00e4tzte Lesezeit":"2\u00a0Minuten"},"schema":{"@context":"https:\/\/schema.org","@graph":[{"@type":"Article","@id":"https:\/\/www.gruber-logistics.com\/de\/gruber-logistics-auf-der-transport-logistics-2025-in-muenchen\/#article","isPartOf":{"@id":"https:\/\/www.gruber-logistics.com\/de\/gruber-logistics-auf-der-transport-logistics-2025-in-muenchen\/"},"author":{"name":"GRUBER Logistics","@id":"https:\/\/www.gruber-logistics.com\/de\/#\/schema\/person\/4e9ceb4fde2258e3923fde9749a69ff8"},"headline":"Gruber Logistics auf der transport logistics 2025 in M\u00fcnchen","datePublished":"2025-05-08T09:20:54+00:00","dateModified":"2025-05-09T10:37:17+00:00","mainEntityOfPage":{"@id":"https:\/\/www.gruber-logistics.com\/de\/gruber-logistics-auf-der-transport-logistics-2025-in-muenchen\/"},"wordCount":358,"publisher":{"@id":"https:\/\/www.gruber-logistics.com\/de\/#organization"},"image":{"@id":"https:\/\/www.gruber-logistics.com\/de\/gruber-logistics-auf-der-transport-logistics-2025-in-muenchen\/#primaryimage"},"thumbnailUrl":"https:\/\/www.gruber-logistics.com\/wp-content\/uploads\/2025\/04\/transport-logistic-blog.jpg","articleSection":["News DE"],"inLanguage":"de"},{"@type":"WebPage","@id":"https:\/\/www.gruber-logistics.com\/de\/gruber-logistics-auf-der-transport-logistics-2025-in-muenchen\/","url":"https:\/\/www.gruber-logistics.com\/de\/gruber-logistics-auf-der-transport-logistics-2025-in-muenchen\/","name":"Gruber Logistics auf der transport logistics 2025 in M\u00fcnchen - GRUBER Logistics S.p.A.","isPartOf":{"@id":"https:\/\/www.gruber-logistics.com\/de\/#website"},"primaryImageOfPage":{"@id":"https:\/\/www.gruber-logistics.com\/de\/gruber-logistics-auf-der-transport-logistics-2025-in-muenchen\/#primaryimage"},"image":{"@id":"https:\/\/www.gruber-logistics.com\/de\/gruber-logistics-auf-der-transport-logistics-2025-in-muenchen\/#primaryimage"},"thumbnailUrl":"https:\/\/www.gruber-logistics.com\/wp-content\/uploads\/2025\/04\/transport-logistic-blog.jpg","datePublished":"2025-05-08T09:20:54+00:00","dateModified":"2025-05-09T10:37:17+00:00","description":"Gruber Logistics auf der transport logistics 2025 in M\u00fcnchen - GRUBER Logistics S.p.A.","breadcrumb":{"@id":"https:\/\/www.gruber-logistics.com\/de\/gruber-logistics-auf-der-transport-logistics-2025-in-muenchen\/#breadcrumb"},"inLanguage":"de","potentialAction":[{"@type":"ReadAction","target":["https:\/\/www.gruber-logistics.com\/de\/gruber-logistics-auf-der-transport-logistics-2025-in-muenchen\/"]}]},{"@type":"ImageObject","inLanguage":"de","@id":"https:\/\/www.gruber-logistics.com\/de\/gruber-logistics-auf-der-transport-logistics-2025-in-muenchen\/#primaryimage","url":"https:\/\/www.gruber-logistics.com\/wp-content\/uploads\/2025\/04\/transport-logistic-blog.jpg","contentUrl":"https:\/\/www.gruber-logistics.com\/wp-content\/uploads\/2025\/04\/transport-logistic-blog.jpg","width":800,"height":537,"caption":"fiera monaco transport logistic"},{"@type":"BreadcrumbList","@id":"https:\/\/www.gruber-logistics.com\/de\/gruber-logistics-auf-der-transport-logistics-2025-in-muenchen\/#breadcrumb","itemListElement":[{"@type":"ListItem","position":1,"name":"Home","item":"https:\/\/www.gruber-logistics.com\/de\/"},{"@type":"ListItem","position":2,"name":"Gruber Logistics auf der transport logistics 2025 in M\u00fcnchen"}]},{"@type":"WebSite","@id":"https:\/\/www.gruber-logistics.com\/de\/#website","url":"https:\/\/www.gruber-logistics.com\/de\/","name":"GRUBER Logistics S.p.A.","description":"Transportunternehmen","publisher":{"@id":"https:\/\/www.gruber-logistics.com\/de\/#organization"},"potentialAction":[{"@type":"SearchAction","target":{"@type":"EntryPoint","urlTemplate":"https:\/\/www.gruber-logistics.com\/de\/?s={search_term_string}"},"query-input":{"@type":"PropertyValueSpecification","valueRequired":true,"valueName":"search_term_string"}}],"inLanguage":"de"},{"@type":"Organization","@id":"https:\/\/www.gruber-logistics.com\/de\/#organization","name":"GRUBER Logistics S.p.A.","url":"https:\/\/www.gruber-logistics.com\/de\/","logo":{"@type":"ImageObject","inLanguage":"de","@id":"https:\/\/www.gruber-logistics.com\/de\/#\/schema\/logo\/image\/","url":"https:\/\/www.gruber-logistics.com\/wp-content\/uploads\/2018\/11\/Gruber-logistics-logo-color.png","contentUrl":"https:\/\/www.gruber-logistics.com\/wp-content\/uploads\/2018\/11\/Gruber-logistics-logo-color.png","width":324,"height":100,"caption":"GRUBER Logistics S.p.A."},"image":{"@id":"https:\/\/www.gruber-logistics.com\/de\/#\/schema\/logo\/image\/"},"sameAs":["https:\/\/it-it.facebook.com\/gruberlogistics\/","https:\/\/x.com\/GruberLogistics","https:\/\/www.instagram.com\/gruberlogistics\/","https:\/\/it.linkedin.com\/company\/gruber-logistics","https:\/\/www.youtube.com\/channel\/UCdq3OH0UblNUnUETLsSxLog"]},{"@type":"Person","@id":"https:\/\/www.gruber-logistics.com\/de\/#\/schema\/person\/4e9ceb4fde2258e3923fde9749a69ff8","name":"GRUBER Logistics","image":{"@type":"ImageObject","inLanguage":"de","@id":"https:\/\/www.gruber-logistics.com\/de\/#\/schema\/person\/image\/","url":"https:\/\/secure.gravatar.com\/avatar\/3000cf3662ac8474a82f293beb1cbaa2?s=96&d=mm&r=g","contentUrl":"https:\/\/secure.gravatar.com\/avatar\/3000cf3662ac8474a82f293beb1cbaa2?s=96&d=mm&r=g","caption":"GRUBER Logistics"}}]}},"_links":{"self":[{"href":"https:\/\/www.gruber-logistics.com\/de\/wp-json\/wp\/v2\/posts\/29489","targetHints":{"allow":["GET"]}}],"collection":[{"href":"https:\/\/www.gruber-logistics.com\/de\/wp-json\/wp\/v2\/posts"}],"about":[{"href":"https:\/\/www.gruber-logistics.com\/de\/wp-json\/wp\/v2\/types\/post"}],"author":[{"embeddable":true,"href":"https:\/\/www.gruber-logistics.com\/de\/wp-json\/wp\/v2\/users\/20"}],"replies":[{"embeddable":true,"href":"https:\/\/www.gruber-logistics.com\/de\/wp-json\/wp\/v2\/comments?post=29489"}],"version-history":[{"count":11,"href":"https:\/\/www.gruber-logistics.com\/de\/wp-json\/wp\/v2\/posts\/29489\/revisions"}],"predecessor-version":[{"id":29630,"href":"https:\/\/www.gruber-logistics.com\/de\/wp-json\/wp\/v2\/posts\/29489\/revisions\/29630"}],"wp:featuredmedia":[{"embeddable":true,"href":"https:\/\/www.gruber-logistics.com\/de\/wp-json\/wp\/v2\/media\/29453"}],"wp:attachment":[{"href":"https:\/\/www.gruber-logistics.com\/de\/wp-json\/wp\/v2\/media?parent=29489"}],"wp:term":[{"taxonomy":"category","embeddable":true,"href":"https:\/\/www.gruber-logistics.com\/de\/wp-json\/wp\/v2\/categories?post=29489"},{"taxonomy":"post_tag","embeddable":true,"href":"https:\/\/www.gruber-logistics.com\/de\/wp-json\/wp\/v2\/tags?post=29489"}],"curies":[{"name":"wp","href":"https:\/\/api.w.org\/{rel}","templated":true}]}}