{"id":35685,"date":"2026-08-31T10:34:57","date_gmt":"2026-08-31T08:34:57","guid":{"rendered":"https:\/\/www.gruber-logistics.com\/?p=35685"},"modified":"2026-08-31T10:34:57","modified_gmt":"2026-08-31T08:34:57","slug":"andrea-condotta-von-gruber-logistics-wird-alice-vorsitzende","status":"publish","type":"post","link":"https:\/\/www.gruber-logistics.com\/de\/andrea-condotta-von-gruber-logistics-wird-alice-vorsitzende\/","title":{"rendered":"Andrea Condotta von GRUBER Logistics wird ALICE-Vorsitzende"},"content":{"rendered":"<p><strong><img loading=\"lazy\" decoding=\"async\" class=\"alignnone size-full wp-image-35677\" src=\"https:\/\/www.gruber-logistics.com\/wp-content\/uploads\/2026\/08\/ALICE-Condotta.jpg\" alt=\"\" width=\"1400\" height=\"940\" srcset=\"https:\/\/www.gruber-logistics.com\/wp-content\/uploads\/2026\/08\/ALICE-Condotta.jpg 1400w, https:\/\/www.gruber-logistics.com\/wp-content\/uploads\/2026\/08\/ALICE-Condotta-300x201.jpg 300w, https:\/\/www.gruber-logistics.com\/wp-content\/uploads\/2026\/08\/ALICE-Condotta-1024x688.jpg 1024w, https:\/\/www.gruber-logistics.com\/wp-content\/uploads\/2026\/08\/ALICE-Condotta-768x516.jpg 768w, https:\/\/www.gruber-logistics.com\/wp-content\/uploads\/2026\/08\/ALICE-Condotta-900x604.jpg 900w, https:\/\/www.gruber-logistics.com\/wp-content\/uploads\/2026\/08\/ALICE-Condotta-600x403.jpg 600w, https:\/\/www.gruber-logistics.com\/wp-content\/uploads\/2026\/08\/ALICE-Condotta-400x269.jpg 400w\" sizes=\"auto, (max-width: 1400px) 100vw, 1400px\" \/>31. August 2026, Br\u00fcssel \u2013 Die Logistikplattform ALICE (Alliance for Logistics Innovation through Collaboration in Europe) ernannte einen neuen Vorsitzenden: Andrea Condotta, Director Public Affairs, Innovation &amp; Sustainability von GRUBER Logistics, f\u00fchrt k\u00fcnftig den Vorstand der europ\u00e4ischen F\u00f6rderallianz f\u00fcr Innovation in der Branche. Als Vorsitzende von ALICE bringt Andrea Condotta sowohl die Kompetenzen eines Logistikdienstleisters und somit viel Praxiserfahrung ein als auch sein gro\u00dfes Know-how und Engagement f\u00fcr die Themen Nachhaltigkeit, Public Affairs und Innovation. Da sein Vorg\u00e4nger Fran\u00e7ois-R\u00e9gis Le Tourneau noch vor Ende der kompletten Amtszeit im Juni 2027 nach siebenj\u00e4hriger T\u00e4tigkeit in dieser Rolle zur\u00fcckgetreten ist, fungiert der erfahrene Logistikmanager nach seiner Ernennung auf der ALICE-Generalversammlung am 24. August 2026 f\u00fcr die Restdauer des derzeitigen Vorstands als Vorsitzender der Gesellschaft.<\/strong><\/p>\n<p><strong>Fran\u00e7ois-R\u00e9gis Le Tourneau<\/strong>, scheidender Vorsitzender und fr\u00fcherer Vice President, Corporate Responsibility \u201cL\u2019Or\u00e9al for the Future\u201d des franz\u00f6sischen Konsumg\u00fcterherstellers, sieht in der Nachfolgeregelung die passende L\u00f6sung:<\/p>\n<blockquote><p>\u201eAndrea Condotta kennt ALICE gut und bringt wertvolle Erfahrungen in den Bereichen Logistik, Nachhaltigkeit und Innovation mit. Ich bin zuversichtlich, dass er die Kontinuit\u00e4t und F\u00fchrungsst\u00e4rke gew\u00e4hrleisten wird.\u201c<\/p><\/blockquote>\n<p><strong>Andrea Condotta<\/strong>, Director Public Affairs, Innovation &amp; Sustainability von GRUBER Logistics und bereits seit 2024 stellvertretender ALICE-Vorsitzender, beschreibt das Wirken der Plattform und seinen Anspruch wie folgt:<\/p>\n<blockquote><p>\u201eALICE spielt eine Schl\u00fcsselrolle dabei, sicherzustellen, dass logistische Innovationen die Wettbewerbsf\u00e4higkeit, Widerstandsf\u00e4higkeit und Klimaziele Europas unterst\u00fctzen. Es ist mir eine Ehre, diese Verantwortung zu \u00fcbernehmen und ich freue mich darauf, eng mit unseren Mitgliedern, dem Vorstand und dem Sekretariat zusammenzuarbeiten, um unseren gemeinsamen Beitrag zu den Forschungs- und Innovationspriorit\u00e4ten der EU zu st\u00e4rken.\u201c<\/p><\/blockquote>\n<p>ALICE wurde von der Europ\u00e4ischen Kommission als Europ\u00e4ische Technologieplattform f\u00fcr Logistik anerkannt und vereint \u00fcber 220 Unternehmen, Forschungseinrichtungen, Beh\u00f6rden und weitere Interessengruppen, um gemeinsame Forschungs- und Innovationspriorit\u00e4ten festzulegen und die Einf\u00fchrung nachhaltiger Logistikl\u00f6sungen zu f\u00f6rdern. Durch ihre strategischen Roadmaps, thematischen Arbeitsgruppen, Kooperationsprojekte und ihr politisches Engagement tr\u00e4gt ALICE zu Fortschritten in den Bereichen Dekarbonisierung, Digitalisierung, Resilienz, Automatisierung, Effizienz und emissionsfreie Logistik bei.<\/p>\n<p><strong>Fernando Liesa<\/strong>, ALICE-Generalsekret\u00e4r, kommentiert den Wechsel an der F\u00fchrungsspitze aus Sicht der Plattform:<\/p>\n<blockquote><p>\u201eIm Namen des ALICE-Sekretariats m\u00f6chte ich Fran\u00e7ois-R\u00e9gis Le Tourneau herzlich f\u00fcr seinen herausragenden Beitrag, seine F\u00fchrungsst\u00e4rke und sein Engagement danken. Er hat ma\u00dfgeblich dazu beigetragen, das Wachstum, den Teamgeist und die strategische Positionierung von ALICE zu st\u00e4rken. Die Ernennung von Andrea Condotta sorgt f\u00fcr Kontinuit\u00e4t und eine klare Ausrichtung, w\u00e4hrend wir gemeinsam mit unseren Mitgliedern die Priorit\u00e4ten der n\u00e4chsten Generation der europ\u00e4ischen Logistikforschung und -innovation gestalten.&#8220;<\/p><\/blockquote>\n","protected":false},"excerpt":{"rendered":"<p>31. August 2026, Br\u00fcssel \u2013 Die Logistikplattform ALICE (Alliance for Logistics Innovation through Collaboration in Europe) ernannte einen neuen Vorsitzenden: Andrea Condotta, Director Public Affairs,&#8230;<\/p>\n","protected":false},"author":20,"featured_media":35677,"comment_status":"closed","ping_status":"closed","sticky":false,"template":"","format":"standard","meta":{"footnotes":""},"categories":[269],"tags":[],"class_list":{"0":"post-35685","1":"post","2":"type-post","3":"status-publish","4":"format-standard","5":"has-post-thumbnail","7":"category-news-de"},"yoast_head":"<!-- This site is optimized with the Yoast SEO plugin v24.6 - https:\/\/yoast.com\/wordpress\/plugins\/seo\/ -->\n<title>Andrea Condotta von GRUBER Logistics wird ALICE-Vorsitzende - GRUBER Logistics S.p.A.<\/title>\n<meta name=\"description\" content=\"Andrea Condotta von GRUBER Logistics wird ALICE-Vorsitzende - GRUBER Logistics S.p.A.\" \/>\n<meta name=\"robots\" content=\"index, follow, max-snippet:-1, max-image-preview:large, max-video-preview:-1\" \/>\n<link rel=\"canonical\" href=\"https:\/\/www.gruber-logistics.com\/de\/andrea-condotta-von-gruber-logistics-wird-alice-vorsitzende\/\" \/>\n<meta property=\"og:locale\" content=\"de_DE\" \/>\n<meta property=\"og:type\" content=\"article\" \/>\n<meta property=\"og:title\" content=\"Andrea Condotta von GRUBER Logistics wird ALICE-Vorsitzende - GRUBER Logistics S.p.A.\" \/>\n<meta property=\"og:description\" content=\"Andrea Condotta von GRUBER Logistics wird ALICE-Vorsitzende - GRUBER Logistics S.p.A.\" \/>\n<meta property=\"og:url\" content=\"https:\/\/www.gruber-logistics.com\/de\/andrea-condotta-von-gruber-logistics-wird-alice-vorsitzende\/\" \/>\n<meta property=\"og:site_name\" content=\"GRUBER Logistics S.p.A.\" \/>\n<meta property=\"article:publisher\" content=\"https:\/\/it-it.facebook.com\/gruberlogistics\/\" \/>\n<meta property=\"article:published_time\" content=\"2026-08-31T08:34:57+00:00\" \/>\n<meta property=\"og:image\" content=\"https:\/\/www.gruber-logistics.com\/wp-content\/uploads\/2026\/08\/ALICE-Condotta.jpg\" \/>\n\t<meta property=\"og:image:width\" content=\"1400\" \/>\n\t<meta property=\"og:image:height\" content=\"940\" \/>\n\t<meta property=\"og:image:type\" content=\"image\/jpeg\" \/>\n<meta name=\"author\" content=\"GRUBER Logistics\" \/>\n<meta name=\"twitter:card\" content=\"summary_large_image\" \/>\n<meta name=\"twitter:creator\" content=\"@GruberLogistics\" \/>\n<meta name=\"twitter:site\" content=\"@GruberLogistics\" \/>\n<meta name=\"twitter:label1\" content=\"Verfasst von\" \/>\n\t<meta name=\"twitter:data1\" content=\"GRUBER Logistics\" \/>\n\t<meta name=\"twitter:label2\" content=\"Gesch\u00e4tzte Lesezeit\" \/>\n\t<meta name=\"twitter:data2\" content=\"2\u00a0Minuten\" \/>\n<script type=\"application\/ld+json\" class=\"yoast-schema-graph\">{\"@context\":\"https:\/\/schema.org\",\"@graph\":[{\"@type\":\"Article\",\"@id\":\"https:\/\/www.gruber-logistics.com\/de\/andrea-condotta-von-gruber-logistics-wird-alice-vorsitzende\/#article\",\"isPartOf\":{\"@id\":\"https:\/\/www.gruber-logistics.com\/de\/andrea-condotta-von-gruber-logistics-wird-alice-vorsitzende\/\"},\"author\":{\"name\":\"GRUBER Logistics\",\"@id\":\"https:\/\/www.gruber-logistics.com\/de\/#\/schema\/person\/4e9ceb4fde2258e3923fde9749a69ff8\"},\"headline\":\"Andrea Condotta von GRUBER Logistics wird ALICE-Vorsitzende\",\"datePublished\":\"2026-08-31T08:34:57+00:00\",\"mainEntityOfPage\":{\"@id\":\"https:\/\/www.gruber-logistics.com\/de\/andrea-condotta-von-gruber-logistics-wird-alice-vorsitzende\/\"},\"wordCount\":453,\"publisher\":{\"@id\":\"https:\/\/www.gruber-logistics.com\/de\/#organization\"},\"image\":{\"@id\":\"https:\/\/www.gruber-logistics.com\/de\/andrea-condotta-von-gruber-logistics-wird-alice-vorsitzende\/#primaryimage\"},\"thumbnailUrl\":\"https:\/\/www.gruber-logistics.com\/wp-content\/uploads\/2026\/08\/ALICE-Condotta.jpg\",\"articleSection\":[\"News DE\"],\"inLanguage\":\"de\"},{\"@type\":\"WebPage\",\"@id\":\"https:\/\/www.gruber-logistics.com\/de\/andrea-condotta-von-gruber-logistics-wird-alice-vorsitzende\/\",\"url\":\"https:\/\/www.gruber-logistics.com\/de\/andrea-condotta-von-gruber-logistics-wird-alice-vorsitzende\/\",\"name\":\"Andrea Condotta von GRUBER Logistics wird ALICE-Vorsitzende - GRUBER Logistics S.p.A.\",\"isPartOf\":{\"@id\":\"https:\/\/www.gruber-logistics.com\/de\/#website\"},\"primaryImageOfPage\":{\"@id\":\"https:\/\/www.gruber-logistics.com\/de\/andrea-condotta-von-gruber-logistics-wird-alice-vorsitzende\/#primaryimage\"},\"image\":{\"@id\":\"https:\/\/www.gruber-logistics.com\/de\/andrea-condotta-von-gruber-logistics-wird-alice-vorsitzende\/#primaryimage\"},\"thumbnailUrl\":\"https:\/\/www.gruber-logistics.com\/wp-content\/uploads\/2026\/08\/ALICE-Condotta.jpg\",\"datePublished\":\"2026-08-31T08:34:57+00:00\",\"description\":\"Andrea Condotta von GRUBER Logistics wird ALICE-Vorsitzende - GRUBER Logistics S.p.A.\",\"breadcrumb\":{\"@id\":\"https:\/\/www.gruber-logistics.com\/de\/andrea-condotta-von-gruber-logistics-wird-alice-vorsitzende\/#breadcrumb\"},\"inLanguage\":\"de\",\"potentialAction\":[{\"@type\":\"ReadAction\",\"target\":[\"https:\/\/www.gruber-logistics.com\/de\/andrea-condotta-von-gruber-logistics-wird-alice-vorsitzende\/\"]}]},{\"@type\":\"ImageObject\",\"inLanguage\":\"de\",\"@id\":\"https:\/\/www.gruber-logistics.com\/de\/andrea-condotta-von-gruber-logistics-wird-alice-vorsitzende\/#primaryimage\",\"url\":\"https:\/\/www.gruber-logistics.com\/wp-content\/uploads\/2026\/08\/ALICE-Condotta.jpg\",\"contentUrl\":\"https:\/\/www.gruber-logistics.com\/wp-content\/uploads\/2026\/08\/ALICE-Condotta.jpg\",\"width\":1400,\"height\":940},{\"@type\":\"BreadcrumbList\",\"@id\":\"https:\/\/www.gruber-logistics.com\/de\/andrea-condotta-von-gruber-logistics-wird-alice-vorsitzende\/#breadcrumb\",\"itemListElement\":[{\"@type\":\"ListItem\",\"position\":1,\"name\":\"Home\",\"item\":\"https:\/\/www.gruber-logistics.com\/de\/\"},{\"@type\":\"ListItem\",\"position\":2,\"name\":\"Andrea Condotta von GRUBER Logistics wird ALICE-Vorsitzende\"}]},{\"@type\":\"WebSite\",\"@id\":\"https:\/\/www.gruber-logistics.com\/de\/#website\",\"url\":\"https:\/\/www.gruber-logistics.com\/de\/\",\"name\":\"GRUBER Logistics S.p.A.\",\"description\":\"Transportunternehmen\",\"publisher\":{\"@id\":\"https:\/\/www.gruber-logistics.com\/de\/#organization\"},\"potentialAction\":[{\"@type\":\"SearchAction\",\"target\":{\"@type\":\"EntryPoint\",\"urlTemplate\":\"https:\/\/www.gruber-logistics.com\/de\/?s={search_term_string}\"},\"query-input\":{\"@type\":\"PropertyValueSpecification\",\"valueRequired\":true,\"valueName\":\"search_term_string\"}}],\"inLanguage\":\"de\"},{\"@type\":\"Organization\",\"@id\":\"https:\/\/www.gruber-logistics.com\/de\/#organization\",\"name\":\"GRUBER Logistics S.p.A.\",\"url\":\"https:\/\/www.gruber-logistics.com\/de\/\",\"logo\":{\"@type\":\"ImageObject\",\"inLanguage\":\"de\",\"@id\":\"https:\/\/www.gruber-logistics.com\/de\/#\/schema\/logo\/image\/\",\"url\":\"https:\/\/www.gruber-logistics.com\/wp-content\/uploads\/2018\/11\/Gruber-logistics-logo-color.png\",\"contentUrl\":\"https:\/\/www.gruber-logistics.com\/wp-content\/uploads\/2018\/11\/Gruber-logistics-logo-color.png\",\"width\":324,\"height\":100,\"caption\":\"GRUBER Logistics S.p.A.\"},\"image\":{\"@id\":\"https:\/\/www.gruber-logistics.com\/de\/#\/schema\/logo\/image\/\"},\"sameAs\":[\"https:\/\/it-it.facebook.com\/gruberlogistics\/\",\"https:\/\/x.com\/GruberLogistics\",\"https:\/\/www.instagram.com\/gruberlogistics\/\",\"https:\/\/it.linkedin.com\/company\/gruber-logistics\",\"https:\/\/www.youtube.com\/channel\/UCdq3OH0UblNUnUETLsSxLog\"]},{\"@type\":\"Person\",\"@id\":\"https:\/\/www.gruber-logistics.com\/de\/#\/schema\/person\/4e9ceb4fde2258e3923fde9749a69ff8\",\"name\":\"GRUBER Logistics\",\"image\":{\"@type\":\"ImageObject\",\"inLanguage\":\"de\",\"@id\":\"https:\/\/www.gruber-logistics.com\/de\/#\/schema\/person\/image\/\",\"url\":\"https:\/\/secure.gravatar.com\/avatar\/3000cf3662ac8474a82f293beb1cbaa2?s=96&d=mm&r=g\",\"contentUrl\":\"https:\/\/secure.gravatar.com\/avatar\/3000cf3662ac8474a82f293beb1cbaa2?s=96&d=mm&r=g\",\"caption\":\"GRUBER Logistics\"}}]}<\/script>\n<!-- \/ Yoast SEO plugin. -->","yoast_head_json":{"title":"Andrea Condotta von GRUBER Logistics wird ALICE-Vorsitzende - GRUBER Logistics S.p.A.","description":"Andrea Condotta von GRUBER Logistics wird ALICE-Vorsitzende - GRUBER Logistics S.p.A.","robots":{"index":"index","follow":"follow","max-snippet":"max-snippet:-1","max-image-preview":"max-image-preview:large","max-video-preview":"max-video-preview:-1"},"canonical":"https:\/\/www.gruber-logistics.com\/de\/andrea-condotta-von-gruber-logistics-wird-alice-vorsitzende\/","og_locale":"de_DE","og_type":"article","og_title":"Andrea Condotta von GRUBER Logistics wird ALICE-Vorsitzende - GRUBER Logistics S.p.A.","og_description":"Andrea Condotta von GRUBER Logistics wird ALICE-Vorsitzende - GRUBER Logistics S.p.A.","og_url":"https:\/\/www.gruber-logistics.com\/de\/andrea-condotta-von-gruber-logistics-wird-alice-vorsitzende\/","og_site_name":"GRUBER Logistics S.p.A.","article_publisher":"https:\/\/it-it.facebook.com\/gruberlogistics\/","article_published_time":"2026-08-31T08:34:57+00:00","og_image":[{"width":1400,"height":940,"url":"https:\/\/www.gruber-logistics.com\/wp-content\/uploads\/2026\/08\/ALICE-Condotta.jpg","type":"image\/jpeg"}],"author":"GRUBER Logistics","twitter_card":"summary_large_image","twitter_creator":"@GruberLogistics","twitter_site":"@GruberLogistics","twitter_misc":{"Verfasst von":"GRUBER Logistics","Gesch\u00e4tzte Lesezeit":"2\u00a0Minuten"},"schema":{"@context":"https:\/\/schema.org","@graph":[{"@type":"Article","@id":"https:\/\/www.gruber-logistics.com\/de\/andrea-condotta-von-gruber-logistics-wird-alice-vorsitzende\/#article","isPartOf":{"@id":"https:\/\/www.gruber-logistics.com\/de\/andrea-condotta-von-gruber-logistics-wird-alice-vorsitzende\/"},"author":{"name":"GRUBER Logistics","@id":"https:\/\/www.gruber-logistics.com\/de\/#\/schema\/person\/4e9ceb4fde2258e3923fde9749a69ff8"},"headline":"Andrea Condotta von GRUBER Logistics wird ALICE-Vorsitzende","datePublished":"2026-08-31T08:34:57+00:00","mainEntityOfPage":{"@id":"https:\/\/www.gruber-logistics.com\/de\/andrea-condotta-von-gruber-logistics-wird-alice-vorsitzende\/"},"wordCount":453,"publisher":{"@id":"https:\/\/www.gruber-logistics.com\/de\/#organization"},"image":{"@id":"https:\/\/www.gruber-logistics.com\/de\/andrea-condotta-von-gruber-logistics-wird-alice-vorsitzende\/#primaryimage"},"thumbnailUrl":"https:\/\/www.gruber-logistics.com\/wp-content\/uploads\/2026\/08\/ALICE-Condotta.jpg","articleSection":["News DE"],"inLanguage":"de"},{"@type":"WebPage","@id":"https:\/\/www.gruber-logistics.com\/de\/andrea-condotta-von-gruber-logistics-wird-alice-vorsitzende\/","url":"https:\/\/www.gruber-logistics.com\/de\/andrea-condotta-von-gruber-logistics-wird-alice-vorsitzende\/","name":"Andrea Condotta von GRUBER Logistics wird ALICE-Vorsitzende - GRUBER Logistics S.p.A.","isPartOf":{"@id":"https:\/\/www.gruber-logistics.com\/de\/#website"},"primaryImageOfPage":{"@id":"https:\/\/www.gruber-logistics.com\/de\/andrea-condotta-von-gruber-logistics-wird-alice-vorsitzende\/#primaryimage"},"image":{"@id":"https:\/\/www.gruber-logistics.com\/de\/andrea-condotta-von-gruber-logistics-wird-alice-vorsitzende\/#primaryimage"},"thumbnailUrl":"https:\/\/www.gruber-logistics.com\/wp-content\/uploads\/2026\/08\/ALICE-Condotta.jpg","datePublished":"2026-08-31T08:34:57+00:00","description":"Andrea Condotta von GRUBER Logistics wird ALICE-Vorsitzende - GRUBER Logistics S.p.A.","breadcrumb":{"@id":"https:\/\/www.gruber-logistics.com\/de\/andrea-condotta-von-gruber-logistics-wird-alice-vorsitzende\/#breadcrumb"},"inLanguage":"de","potentialAction":[{"@type":"ReadAction","target":["https:\/\/www.gruber-logistics.com\/de\/andrea-condotta-von-gruber-logistics-wird-alice-vorsitzende\/"]}]},{"@type":"ImageObject","inLanguage":"de","@id":"https:\/\/www.gruber-logistics.com\/de\/andrea-condotta-von-gruber-logistics-wird-alice-vorsitzende\/#primaryimage","url":"https:\/\/www.gruber-logistics.com\/wp-content\/uploads\/2026\/08\/ALICE-Condotta.jpg","contentUrl":"https:\/\/www.gruber-logistics.com\/wp-content\/uploads\/2026\/08\/ALICE-Condotta.jpg","width":1400,"height":940},{"@type":"BreadcrumbList","@id":"https:\/\/www.gruber-logistics.com\/de\/andrea-condotta-von-gruber-logistics-wird-alice-vorsitzende\/#breadcrumb","itemListElement":[{"@type":"ListItem","position":1,"name":"Home","item":"https:\/\/www.gruber-logistics.com\/de\/"},{"@type":"ListItem","position":2,"name":"Andrea Condotta von GRUBER Logistics wird ALICE-Vorsitzende"}]},{"@type":"WebSite","@id":"https:\/\/www.gruber-logistics.com\/de\/#website","url":"https:\/\/www.gruber-logistics.com\/de\/","name":"GRUBER Logistics S.p.A.","description":"Transportunternehmen","publisher":{"@id":"https:\/\/www.gruber-logistics.com\/de\/#organization"},"potentialAction":[{"@type":"SearchAction","target":{"@type":"EntryPoint","urlTemplate":"https:\/\/www.gruber-logistics.com\/de\/?s={search_term_string}"},"query-input":{"@type":"PropertyValueSpecification","valueRequired":true,"valueName":"search_term_string"}}],"inLanguage":"de"},{"@type":"Organization","@id":"https:\/\/www.gruber-logistics.com\/de\/#organization","name":"GRUBER Logistics S.p.A.","url":"https:\/\/www.gruber-logistics.com\/de\/","logo":{"@type":"ImageObject","inLanguage":"de","@id":"https:\/\/www.gruber-logistics.com\/de\/#\/schema\/logo\/image\/","url":"https:\/\/www.gruber-logistics.com\/wp-content\/uploads\/2018\/11\/Gruber-logistics-logo-color.png","contentUrl":"https:\/\/www.gruber-logistics.com\/wp-content\/uploads\/2018\/11\/Gruber-logistics-logo-color.png","width":324,"height":100,"caption":"GRUBER Logistics S.p.A."},"image":{"@id":"https:\/\/www.gruber-logistics.com\/de\/#\/schema\/logo\/image\/"},"sameAs":["https:\/\/it-it.facebook.com\/gruberlogistics\/","https:\/\/x.com\/GruberLogistics","https:\/\/www.instagram.com\/gruberlogistics\/","https:\/\/it.linkedin.com\/company\/gruber-logistics","https:\/\/www.youtube.com\/channel\/UCdq3OH0UblNUnUETLsSxLog"]},{"@type":"Person","@id":"https:\/\/www.gruber-logistics.com\/de\/#\/schema\/person\/4e9ceb4fde2258e3923fde9749a69ff8","name":"GRUBER Logistics","image":{"@type":"ImageObject","inLanguage":"de","@id":"https:\/\/www.gruber-logistics.com\/de\/#\/schema\/person\/image\/","url":"https:\/\/secure.gravatar.com\/avatar\/3000cf3662ac8474a82f293beb1cbaa2?s=96&d=mm&r=g","contentUrl":"https:\/\/secure.gravatar.com\/avatar\/3000cf3662ac8474a82f293beb1cbaa2?s=96&d=mm&r=g","caption":"GRUBER Logistics"}}]}},"_links":{"self":[{"href":"https:\/\/www.gruber-logistics.com\/de\/wp-json\/wp\/v2\/posts\/35685","targetHints":{"allow":["GET"]}}],"collection":[{"href":"https:\/\/www.gruber-logistics.com\/de\/wp-json\/wp\/v2\/posts"}],"about":[{"href":"https:\/\/www.gruber-logistics.com\/de\/wp-json\/wp\/v2\/types\/post"}],"author":[{"embeddable":true,"href":"https:\/\/www.gruber-logistics.com\/de\/wp-json\/wp\/v2\/users\/20"}],"replies":[{"embeddable":true,"href":"https:\/\/www.gruber-logistics.com\/de\/wp-json\/wp\/v2\/comments?post=35685"}],"version-history":[{"count":2,"href":"https:\/\/www.gruber-logistics.com\/de\/wp-json\/wp\/v2\/posts\/35685\/revisions"}],"predecessor-version":[{"id":35687,"href":"https:\/\/www.gruber-logistics.com\/de\/wp-json\/wp\/v2\/posts\/35685\/revisions\/35687"}],"wp:featuredmedia":[{"embeddable":true,"href":"https:\/\/www.gruber-logistics.com\/de\/wp-json\/wp\/v2\/media\/35677"}],"wp:attachment":[{"href":"https:\/\/www.gruber-logistics.com\/de\/wp-json\/wp\/v2\/media?parent=35685"}],"wp:term":[{"taxonomy":"category","embeddable":true,"href":"https:\/\/www.gruber-logistics.com\/de\/wp-json\/wp\/v2\/categories?post=35685"},{"taxonomy":"post_tag","embeddable":true,"href":"https:\/\/www.gruber-logistics.com\/de\/wp-json\/wp\/v2\/tags?post=35685"}],"curies":[{"name":"wp","href":"https:\/\/api.w.org\/{rel}","templated":true}]}}